{"id":27782,"date":"2023-02-15T07:00:57","date_gmt":"2023-02-15T11:00:57","guid":{"rendered":"http:\/\/www.yungayino.cl\/noticias\/?p=27782"},"modified":"2023-02-13T15:58:30","modified_gmt":"2023-02-13T19:58:30","slug":"seremi-de-las-culturas-nuble-realiza-catastro-de-trabajadoras-y-trabajadoras-de-las-culturas-por-incendios-forestales","status":"publish","type":"post","link":"https:\/\/www.yungayino.cl\/noticias\/?p=27782","title":{"rendered":"Seremi de las Culturas \u00d1uble Realiza Catastro de Trabajadoras y Trabajadoras de las Culturas por Incendios Forestales"},"content":{"rendered":"<p><img loading=\"lazy\" decoding=\"async\" class=\"alignnone wp-image-27783 size-full\" src=\"http:\/\/www.yungayino.cl\/noticias\/wp-content\/uploads\/2023\/02\/cultura-en-quirihue.jpg\" alt=\"\" width=\"700\" height=\"350\" srcset=\"https:\/\/www.yungayino.cl\/noticias\/wp-content\/uploads\/2023\/02\/cultura-en-quirihue.jpg 700w, https:\/\/www.yungayino.cl\/noticias\/wp-content\/uploads\/2023\/02\/cultura-en-quirihue-300x150.jpg 300w\" sizes=\"auto, (max-width: 700px) 100vw, 700px\" \/><\/p>\n<p style=\"text-align: justify;\">\u00d1uble, febrero 2023: Producto de los incendios forestales que han afectado a la regi\u00f3n de \u00d1uble, la Seremi de las Culturas, las Artes y el Patrimonio est\u00e1 tomando contacto con los diversos agentes culturales, art\u00edsticos y patrimoniales para conocer si han sido afectados o no por la cat\u00e1strofe. \u201cPrimero queremos saber c\u00f3mo se encuentran de salud f\u00edsica y emocional y ayudar a canalizar con otros servicios p\u00fablicos respectivos -como la Delegaci\u00f3n Presidencial Regional, la Seremi de Desarrollo Social y la Seremi de Salud, entre otros- las necesidades inmediatas que puedan tener producto de los incendios\u201d, dijo la seremi de la cartera, Scarlet Hidalgo Jara.<\/p>\n<p style=\"text-align: justify;\">En lo que se refiere a la labor del Ministerio de las Culturas, las Artes y el Patrimonio, la ministra Julieta Brodsky lider\u00f3 una reuni\u00f3n con las Seremis de \u00d1uble, Biob\u00edo y la Araucan\u00eda para recabar informaci\u00f3n sobre el despliegue en terreno que han tenido las seremis de cada regi\u00f3n, gestiones y acciones que est\u00e1n realizando y buscar soluciones para implementar durante las pr\u00f3ximas semanas en las zonas afectadas. En lo inmediato se est\u00e1n coordinado las acciones de catastro de cultores, artistas y funcionarios y el riesgo de inmuebles patrimoniales en las zonas afectadas por los incendios.<\/p>\n<p style=\"text-align: justify;\">\u201cEn \u00d1uble hemos comenzado un tarea de levantamiento de informaci\u00f3n de artistas, cultores y gestores que se vinculan con el Ministerio para identificar sus necesidades a corto, mediano y largo plazo. Muchos trabajadores y trabajadoras de las culturas no podr\u00e1n seguir trabajando este verano, en el caso de los artesanos tenemos que ver si fueron afectadas sus materias primas y quienes tienen proyectos financiados por Fondos de Cultura quiz\u00e1 deban reprogramar sus actividades. Por ejemplo, se suspendi\u00f3 la Feria de la Greda de Quinchamali y un ciclo de Cine Al Aire Libre financiado a trav\u00e9s de nuestro programa Red Cultura\u201d, explic\u00f3 la seremi de las Culturas de \u00d1uble. \u201cNos contactaremos con artesanos y artistas que tenemos en nuestros\u00a0 Registros de Agentes Culturales, Registros de Artesanos y registros de ejecutores de Fondos de Cultura y tambi\u00e9n gestionaremos el levantamiento de la informaci\u00f3n con apoyo municipal. De todas maneras, si alguien que lo requiera no es contactado puede comunicarse con nuestra oficina de informaciones OIRS a los tel\u00e9fonos 422244016 o 422219671\u201d, agreg\u00f3 la autoridad regional.<\/p>\n<p style=\"text-align: justify;\">\u201cTal como ha dicho el presidente Boric, queremos que sepan que no est\u00e1n solos y que desde la Seremi de las Culturas, las Artes y el Patrimonio, colaboraremos, de acuerdo a nuestras atribuciones, en todo lo que podamos para poder levantarnos como regi\u00f3n. Seguiremos en terreno poniendo a disposici\u00f3n todas las herramientas con las que contamos como gobierno\u201d, finaliz\u00f3 la seremi Scarlet Hidaldo Jara.<\/p>\n","protected":false},"excerpt":{"rendered":"<p>\u00d1uble, febrero 2023: Producto de los incendios forestales que han afectado a la regi\u00f3n de \u00d1uble, la Seremi de las Culturas, las Artes y el Patrimonio est\u00e1 tomando contacto con los diversos agentes culturales,&#46;&#46;&#46;<\/p>\n","protected":false},"author":2,"featured_media":27783,"comment_status":"closed","ping_status":"open","sticky":false,"template":"","format":"standard","meta":{"footnotes":""},"categories":[1],"tags":[1115,1678,8,6,117],"class_list":["post-27782","post","type-post","status-publish","format-standard","has-post-thumbnail","hentry","category-noticias","tag-noticias","tag-nuble","tag-yungay","tag-yungayino","tag-yungayinocl"],"_links":{"self":[{"href":"https:\/\/www.yungayino.cl\/noticias\/index.php?rest_route=\/wp\/v2\/posts\/27782","targetHints":{"allow":["GET"]}}],"collection":[{"href":"https:\/\/www.yungayino.cl\/noticias\/index.php?rest_route=\/wp\/v2\/posts"}],"about":[{"href":"https:\/\/www.yungayino.cl\/noticias\/index.php?rest_route=\/wp\/v2\/types\/post"}],"author":[{"embeddable":true,"href":"https:\/\/www.yungayino.cl\/noticias\/index.php?rest_route=\/wp\/v2\/users\/2"}],"replies":[{"embeddable":true,"href":"https:\/\/www.yungayino.cl\/noticias\/index.php?rest_route=%2Fwp%2Fv2%2Fcomments&post=27782"}],"version-history":[{"count":1,"href":"https:\/\/www.yungayino.cl\/noticias\/index.php?rest_route=\/wp\/v2\/posts\/27782\/revisions"}],"predecessor-version":[{"id":27784,"href":"https:\/\/www.yungayino.cl\/noticias\/index.php?rest_route=\/wp\/v2\/posts\/27782\/revisions\/27784"}],"wp:featuredmedia":[{"embeddable":true,"href":"https:\/\/www.yungayino.cl\/noticias\/index.php?rest_route=\/wp\/v2\/media\/27783"}],"wp:attachment":[{"href":"https:\/\/www.yungayino.cl\/noticias\/index.php?rest_route=%2Fwp%2Fv2%2Fmedia&parent=27782"}],"wp:term":[{"taxonomy":"category","embeddable":true,"href":"https:\/\/www.yungayino.cl\/noticias\/index.php?rest_route=%2Fwp%2Fv2%2Fcategories&post=27782"},{"taxonomy":"post_tag","embeddable":true,"href":"https:\/\/www.yungayino.cl\/noticias\/index.php?rest_route=%2Fwp%2Fv2%2Ftags&post=27782"}],"curies":[{"name":"wp","href":"https:\/\/api.w.org\/{rel}","templated":true}]}}