{"id":2779,"date":"2010-01-08T21:00:47","date_gmt":"2010-01-09T01:00:47","guid":{"rendered":"http:\/\/www.yungayino.cl\/noticias\/?p=2779"},"modified":"2010-01-09T01:02:14","modified_gmt":"2010-01-09T05:02:14","slug":"cuadragesimo-octavo-aniversario-de-la-2da-compania-bomberos-de-yungay","status":"publish","type":"post","link":"https:\/\/www.yungayino.cl\/noticias\/?p=2779","title":{"rendered":"Cuadrag\u00e9simo Octavo Aniversario de la 2da. Compa\u00f1\u00eda Bomberos de Yungay"},"content":{"rendered":"<p><img decoding=\"async\" src=\"http:\/\/www.yungayino.cl\/imagenes\/aniversario48segundabomberos.jpg\" alt=\"Cuadrag\u00e9simo Octavo Aniversario de la 2da. Compa\u00f1\u00eda Bomberos de Yungay\" \/><\/p>\n<p align=\"justify\"><font size=\"2\">Viernes 08 de enero, en las dependencias del Cuerpo de Bomberos de Yungay se llevo a cabo la ceremonia del Cuadrag\u00e9simo Octavo Aniversario de la 2\u00aa Compa\u00f1\u00eda de Bomberos de Yungay, la que en la actualidad es presidida por su Director Juan Pablo Fern\u00e1ndez, qui\u00e9n felicito a todos los miembros de su  compa\u00f1\u00eda y los llamo a seguir trabajando en tan abnegada funci\u00f3n al servicio de la comunidad. Durante la ceremonia se hizo entrega de est\u00edmulo por 10 a\u00f1os de servicio a Fernando Fuica y por 35 a\u00f1os de servicio a H\u00e9ctor Chavarr\u00eda, adem\u00e1s se entregaron est\u00edmulos a Marta Pardo, Ver\u00f3nica Pardo, Graciela Pardo y Marta Fuentes por su desinteresada colaboraci\u00f3n con la Compa\u00f1\u00eda. Tambi\u00e9n se hizo entrega de un galvano a  Mar\u00eda Cecilia Espinoza y a su hijo Felipe Gui\u00f1ez por la gran labor de servicio que presto durante 35 a\u00f1os el recordado Director Honorario Armando Gui\u00f1ez Galaz, finalmente la actividad concluyo con un coctel.<br \/>\n<a href=\"http:\/\/www.yungayino.cl\/noticias\/?p=2779#comments\">Comente Aqu\u00ed<\/a><br \/>\n<a href=\"http:\/\/www.flickr.com\/photos\/45693900@N02\/tags\/aniversario48segundabomberos\/\">Fotograf\u00edas<\/a><\/font><\/p>\n","protected":false},"excerpt":{"rendered":"<p>Viernes 08 de enero, en las dependencias del Cuerpo de Bomberos de Yungay se llevo a cabo la ceremonia del Cuadrag\u00e9simo Octavo Aniversario de la 2\u00aa Compa\u00f1\u00eda de Bomberos de Yungay, la que en&#46;&#46;&#46;<\/p>\n","protected":false},"author":2,"featured_media":15205,"comment_status":"open","ping_status":"open","sticky":false,"template":"","format":"standard","meta":{"footnotes":""},"categories":[1],"tags":[1115,143,8,6],"class_list":["post-2779","post","type-post","status-publish","format-standard","has-post-thumbnail","hentry","category-noticias","tag-noticias","tag-segunda-compania-bomberos-yungay","tag-yungay","tag-yungayino"],"_links":{"self":[{"href":"https:\/\/www.yungayino.cl\/noticias\/index.php?rest_route=\/wp\/v2\/posts\/2779","targetHints":{"allow":["GET"]}}],"collection":[{"href":"https:\/\/www.yungayino.cl\/noticias\/index.php?rest_route=\/wp\/v2\/posts"}],"about":[{"href":"https:\/\/www.yungayino.cl\/noticias\/index.php?rest_route=\/wp\/v2\/types\/post"}],"author":[{"embeddable":true,"href":"https:\/\/www.yungayino.cl\/noticias\/index.php?rest_route=\/wp\/v2\/users\/2"}],"replies":[{"embeddable":true,"href":"https:\/\/www.yungayino.cl\/noticias\/index.php?rest_route=%2Fwp%2Fv2%2Fcomments&post=2779"}],"version-history":[{"count":9,"href":"https:\/\/www.yungayino.cl\/noticias\/index.php?rest_route=\/wp\/v2\/posts\/2779\/revisions"}],"predecessor-version":[{"id":2793,"href":"https:\/\/www.yungayino.cl\/noticias\/index.php?rest_route=\/wp\/v2\/posts\/2779\/revisions\/2793"}],"wp:featuredmedia":[{"embeddable":true,"href":"https:\/\/www.yungayino.cl\/noticias\/index.php?rest_route=\/wp\/v2\/media\/15205"}],"wp:attachment":[{"href":"https:\/\/www.yungayino.cl\/noticias\/index.php?rest_route=%2Fwp%2Fv2%2Fmedia&parent=2779"}],"wp:term":[{"taxonomy":"category","embeddable":true,"href":"https:\/\/www.yungayino.cl\/noticias\/index.php?rest_route=%2Fwp%2Fv2%2Fcategories&post=2779"},{"taxonomy":"post_tag","embeddable":true,"href":"https:\/\/www.yungayino.cl\/noticias\/index.php?rest_route=%2Fwp%2Fv2%2Ftags&post=2779"}],"curies":[{"name":"wp","href":"https:\/\/api.w.org\/{rel}","templated":true}]}}