{"id":27792,"date":"2023-02-11T15:00:32","date_gmt":"2023-02-11T19:00:32","guid":{"rendered":"http:\/\/www.yungayino.cl\/noticias\/?p=27792"},"modified":"2023-02-13T16:03:41","modified_gmt":"2023-02-13T20:03:41","slug":"entregaron-kits-de-ayuda-a-familias-afectadas-por-incendios-forestales","status":"publish","type":"post","link":"https:\/\/www.yungayino.cl\/noticias\/?p=27792","title":{"rendered":"Entregaron Kits de Ayuda a Familias Afectadas por Incendios Forestales"},"content":{"rendered":"<p><img loading=\"lazy\" decoding=\"async\" class=\"alignnone wp-image-27793 size-full\" src=\"http:\/\/www.yungayino.cl\/noticias\/wp-content\/uploads\/2023\/02\/ayuda-familias.jpg\" alt=\"\" width=\"700\" height=\"350\" srcset=\"https:\/\/www.yungayino.cl\/noticias\/wp-content\/uploads\/2023\/02\/ayuda-familias.jpg 700w, https:\/\/www.yungayino.cl\/noticias\/wp-content\/uploads\/2023\/02\/ayuda-familias-300x150.jpg 300w\" sizes=\"auto, (max-width: 700px) 100vw, 700px\" \/><\/p>\n<p style=\"text-align: justify;\">Yungay, febrero 2023: El alcalde, Rafael Cifuentes Rodr\u00edguez junto a su equipo municipal y el intermediario entre el municipio y la Delegaci\u00f3n Presidencial, el seremi de Transporte y Telecomunicaciones, Javier Isla llegaron hasta los sectores de San Miguel de Itata y Ranchillo para entregar los primeros Kits de ayudas para enfrentar la emergencia.<\/p>\n<p style=\"text-align: justify;\">Los Kits de emergencia consisten en herramientas para la remoci\u00f3n de escombros, elementos de limpieza e higiene, Kits de alimentaci\u00f3n y estanques de agua de mil y dos mil litros.<\/p>\n<p style=\"text-align: justify;\">Est\u00e1 \u00e1gil entrega fue gracias a la gesti\u00f3n y el trabajo del equipo municipal en terreno, en conjunto con la diligencia del alcalde, el seremi Javier Isla y Senapred.<\/p>\n","protected":false},"excerpt":{"rendered":"<p>Yungay, febrero 2023: El alcalde, Rafael Cifuentes Rodr\u00edguez junto a su equipo municipal y el intermediario entre el municipio y la Delegaci\u00f3n Presidencial, el seremi de Transporte y Telecomunicaciones, Javier Isla llegaron hasta los&#46;&#46;&#46;<\/p>\n","protected":false},"author":2,"featured_media":27793,"comment_status":"closed","ping_status":"open","sticky":false,"template":"","format":"standard","meta":{"footnotes":""},"categories":[1],"tags":[2753,1115,8,6,117],"class_list":["post-27792","post","type-post","status-publish","format-standard","has-post-thumbnail","hentry","category-noticias","tag-kits-emergencia","tag-noticias","tag-yungay","tag-yungayino","tag-yungayinocl"],"_links":{"self":[{"href":"https:\/\/www.yungayino.cl\/noticias\/index.php?rest_route=\/wp\/v2\/posts\/27792","targetHints":{"allow":["GET"]}}],"collection":[{"href":"https:\/\/www.yungayino.cl\/noticias\/index.php?rest_route=\/wp\/v2\/posts"}],"about":[{"href":"https:\/\/www.yungayino.cl\/noticias\/index.php?rest_route=\/wp\/v2\/types\/post"}],"author":[{"embeddable":true,"href":"https:\/\/www.yungayino.cl\/noticias\/index.php?rest_route=\/wp\/v2\/users\/2"}],"replies":[{"embeddable":true,"href":"https:\/\/www.yungayino.cl\/noticias\/index.php?rest_route=%2Fwp%2Fv2%2Fcomments&post=27792"}],"version-history":[{"count":1,"href":"https:\/\/www.yungayino.cl\/noticias\/index.php?rest_route=\/wp\/v2\/posts\/27792\/revisions"}],"predecessor-version":[{"id":27794,"href":"https:\/\/www.yungayino.cl\/noticias\/index.php?rest_route=\/wp\/v2\/posts\/27792\/revisions\/27794"}],"wp:featuredmedia":[{"embeddable":true,"href":"https:\/\/www.yungayino.cl\/noticias\/index.php?rest_route=\/wp\/v2\/media\/27793"}],"wp:attachment":[{"href":"https:\/\/www.yungayino.cl\/noticias\/index.php?rest_route=%2Fwp%2Fv2%2Fmedia&parent=27792"}],"wp:term":[{"taxonomy":"category","embeddable":true,"href":"https:\/\/www.yungayino.cl\/noticias\/index.php?rest_route=%2Fwp%2Fv2%2Fcategories&post=27792"},{"taxonomy":"post_tag","embeddable":true,"href":"https:\/\/www.yungayino.cl\/noticias\/index.php?rest_route=%2Fwp%2Fv2%2Ftags&post=27792"}],"curies":[{"name":"wp","href":"https:\/\/api.w.org\/{rel}","templated":true}]}}