{"id":27798,"date":"2023-02-12T18:00:26","date_gmt":"2023-02-12T22:00:26","guid":{"rendered":"http:\/\/www.yungayino.cl\/noticias\/?p=27798"},"modified":"2023-02-13T16:06:53","modified_gmt":"2023-02-13T20:06:53","slug":"asociacion-de-rodeo-de-nuble-realizo-donacion-a-productores-de-nuestra-comuna","status":"publish","type":"post","link":"https:\/\/www.yungayino.cl\/noticias\/?p=27798","title":{"rendered":"Asociaci\u00f3n de Rodeo de \u00d1uble Realiz\u00f3 Donaci\u00f3n a Productores de Nuestra Comuna"},"content":{"rendered":"<p><img loading=\"lazy\" decoding=\"async\" class=\"alignnone wp-image-27799 size-full\" src=\"http:\/\/www.yungayino.cl\/noticias\/wp-content\/uploads\/2023\/02\/ayuda-de-rodeo-de-Nuble.jpg\" alt=\"\" width=\"700\" height=\"350\" srcset=\"https:\/\/www.yungayino.cl\/noticias\/wp-content\/uploads\/2023\/02\/ayuda-de-rodeo-de-Nuble.jpg 700w, https:\/\/www.yungayino.cl\/noticias\/wp-content\/uploads\/2023\/02\/ayuda-de-rodeo-de-Nuble-300x150.jpg 300w\" sizes=\"auto, (max-width: 700px) 100vw, 700px\" \/><\/p>\n<p style=\"text-align: justify;\">Yungay, febrero 2023: El alcalde, Rafael Cifuentes Rodr\u00edguez, junto a su equipo t\u00e9cnico recibieron la donaci\u00f3n de la Asociaci\u00f3n de Rodeo de \u00d1uble para los productores que tienen caballos y bovinos en predios forestales y han sido afectados por la emergencia en nuestra comuna.<\/p>\n<p style=\"text-align: justify;\">Esta ayuda consta de 200 fardos que ser\u00e1n acopiados en el sector de Los Puquios y de mil litros de agua embotellada.<\/p>\n<p style=\"text-align: justify;\">\u00abAgradecemos much\u00edsimo el apoyo de la asociaci\u00f3n, ya que muchos animales han sido afectados por los incendios, con esta ayuda aseguraremos su alimento y seguridad\u00bb manifest\u00f3 la primera autoridad comunal.<\/p>\n<p style=\"text-align: justify;\">\u00abNuestra asociaci\u00f3n est\u00e1 muy preocupada por la situaci\u00f3n de todos quienes han sido afectados por la emergencia, por eso estamos haciendo esta donaci\u00f3n en varias comunas de la regi\u00f3n y seguiremos haci\u00e9ndolo\u00bb mencion\u00f3 V\u00edctor Hugo Manzanares, presidente de la Asociaci\u00f3n de Rodeo de \u00d1uble.<\/p>\n","protected":false},"excerpt":{"rendered":"<p>Yungay, febrero 2023: El alcalde, Rafael Cifuentes Rodr\u00edguez, junto a su equipo t\u00e9cnico recibieron la donaci\u00f3n de la Asociaci\u00f3n de Rodeo de \u00d1uble para los productores que tienen caballos y bovinos en predios forestales&#46;&#46;&#46;<\/p>\n","protected":false},"author":2,"featured_media":27799,"comment_status":"closed","ping_status":"open","sticky":false,"template":"","format":"standard","meta":{"footnotes":""},"categories":[1],"tags":[1115,8,6,117],"class_list":["post-27798","post","type-post","status-publish","format-standard","has-post-thumbnail","hentry","category-noticias","tag-noticias","tag-yungay","tag-yungayino","tag-yungayinocl"],"_links":{"self":[{"href":"https:\/\/www.yungayino.cl\/noticias\/index.php?rest_route=\/wp\/v2\/posts\/27798","targetHints":{"allow":["GET"]}}],"collection":[{"href":"https:\/\/www.yungayino.cl\/noticias\/index.php?rest_route=\/wp\/v2\/posts"}],"about":[{"href":"https:\/\/www.yungayino.cl\/noticias\/index.php?rest_route=\/wp\/v2\/types\/post"}],"author":[{"embeddable":true,"href":"https:\/\/www.yungayino.cl\/noticias\/index.php?rest_route=\/wp\/v2\/users\/2"}],"replies":[{"embeddable":true,"href":"https:\/\/www.yungayino.cl\/noticias\/index.php?rest_route=%2Fwp%2Fv2%2Fcomments&post=27798"}],"version-history":[{"count":1,"href":"https:\/\/www.yungayino.cl\/noticias\/index.php?rest_route=\/wp\/v2\/posts\/27798\/revisions"}],"predecessor-version":[{"id":27800,"href":"https:\/\/www.yungayino.cl\/noticias\/index.php?rest_route=\/wp\/v2\/posts\/27798\/revisions\/27800"}],"wp:featuredmedia":[{"embeddable":true,"href":"https:\/\/www.yungayino.cl\/noticias\/index.php?rest_route=\/wp\/v2\/media\/27799"}],"wp:attachment":[{"href":"https:\/\/www.yungayino.cl\/noticias\/index.php?rest_route=%2Fwp%2Fv2%2Fmedia&parent=27798"}],"wp:term":[{"taxonomy":"category","embeddable":true,"href":"https:\/\/www.yungayino.cl\/noticias\/index.php?rest_route=%2Fwp%2Fv2%2Fcategories&post=27798"},{"taxonomy":"post_tag","embeddable":true,"href":"https:\/\/www.yungayino.cl\/noticias\/index.php?rest_route=%2Fwp%2Fv2%2Ftags&post=27798"}],"curies":[{"name":"wp","href":"https:\/\/api.w.org\/{rel}","templated":true}]}}