{"id":27816,"date":"2023-02-15T18:00:08","date_gmt":"2023-02-15T22:00:08","guid":{"rendered":"http:\/\/www.yungayino.cl\/noticias\/?p=27816"},"modified":"2023-02-15T18:42:02","modified_gmt":"2023-02-15T22:42:02","slug":"jovenes-voluntarios-del-injuv-ayudan-a-familias-en-yungay-afectadas-por-incendios","status":"publish","type":"post","link":"https:\/\/www.yungayino.cl\/noticias\/?p=27816","title":{"rendered":"J\u00f3venes Voluntarios del INJUV, Ayudan a Familias en Yungay Afectadas por Incendios"},"content":{"rendered":"<p><img loading=\"lazy\" decoding=\"async\" class=\"alignnone wp-image-27817 size-full\" src=\"http:\/\/www.yungayino.cl\/noticias\/wp-content\/uploads\/2023\/02\/portada-6.jpg\" alt=\"\" width=\"700\" height=\"350\" srcset=\"https:\/\/www.yungayino.cl\/noticias\/wp-content\/uploads\/2023\/02\/portada-6.jpg 700w, https:\/\/www.yungayino.cl\/noticias\/wp-content\/uploads\/2023\/02\/portada-6-300x150.jpg 300w\" sizes=\"auto, (max-width: 700px) 100vw, 700px\" \/><\/p>\n<p style=\"text-align: justify;\">Yungay, febrero 2023: Tras la devastadora imagen que dej\u00f3 los incendios forestales en varias regiones del pa\u00eds, donde cientos de familias perdieron sus hogares, tambi\u00e9n hay que destacar la ayuda desinteresada que est\u00e1n realizando en nuestra comuna de Yungay j\u00f3venes provenientes de la Confech de Santiago y que fueron convocados por el Instituto Nacional de la Juventud (INJUV Chile), quienes est\u00e1n realizando la destacada labor de trabajos de limpieza y retiros de escombros y as\u00ed estar listo para cuando lleguen la viviendas de emergencia e iniciar la reconstrucci\u00f3n de las viviendas de la familias afectadas.<\/p>\n<p style=\"text-align: justify;\">Se\u00f1alar que durante el d\u00eda de hoy tuvieron la visita en terreno en el Sector de San Miguel de Itata del Ministro de Agricultura Sr. Esteban Valenzuela, del alcalde Sr. Rafael Cifuentes, adem\u00e1s de otras autoridades, quienes agradecieron a los j\u00f3venes de esta importante labor solidaria que est\u00e1n realizando con los vecinos.<\/p>\n<p style=\"text-align: justify;\">Por su parte los vecinos (as) Sra. Susana Mart\u00ednez, Sr. Rolando Choapa y Sra. Violeta Torres del Sector San Miguel de Itata agradecieron todo el apoyo y cari\u00f1o dado por estos j\u00f3venes en estos momentos tan dif\u00edciles para ellos, a la vez agradecieron personalmente la visita del Ministro y Alcalde a quienes expresaron su reconocimiento por toda la ayuda prestada por el Municipio, vecinos (as), Bomberos, Brigadistas, Privados Etc.<\/p>\n<p>&nbsp;<\/p>\n<p style=\"text-align: justify;\">[su_button url=\u00bbhttps:\/\/www.facebook.com\/media\/set\/?vanity=yungayino.cl&amp;set=a.6511501688864815&#8243; target=\u00bbblank\u00bb size=\u00bb7&#8243; radius=\u00bbround\u00bb icon=\u00bbicon: facebook-square\u00bb]FOTOGRAF\u00cdAS &#8211; J\u00f3venes Voluntarios del INJUV, Ayudan a Familias en Yungay Afectadas por Incendios[\/su_button]<\/p>\n","protected":false},"excerpt":{"rendered":"<p>Yungay, febrero 2023: Tras la devastadora imagen que dej\u00f3 los incendios forestales en varias regiones del pa\u00eds, donde cientos de familias perdieron sus hogares, tambi\u00e9n hay que destacar la ayuda desinteresada que est\u00e1n realizando&#46;&#46;&#46;<\/p>\n","protected":false},"author":2,"featured_media":27817,"comment_status":"closed","ping_status":"open","sticky":false,"template":"","format":"standard","meta":{"footnotes":""},"categories":[1],"tags":[667,1115,8,6,117],"class_list":["post-27816","post","type-post","status-publish","format-standard","has-post-thumbnail","hentry","category-noticias","tag-injuv","tag-noticias","tag-yungay","tag-yungayino","tag-yungayinocl"],"_links":{"self":[{"href":"https:\/\/www.yungayino.cl\/noticias\/index.php?rest_route=\/wp\/v2\/posts\/27816","targetHints":{"allow":["GET"]}}],"collection":[{"href":"https:\/\/www.yungayino.cl\/noticias\/index.php?rest_route=\/wp\/v2\/posts"}],"about":[{"href":"https:\/\/www.yungayino.cl\/noticias\/index.php?rest_route=\/wp\/v2\/types\/post"}],"author":[{"embeddable":true,"href":"https:\/\/www.yungayino.cl\/noticias\/index.php?rest_route=\/wp\/v2\/users\/2"}],"replies":[{"embeddable":true,"href":"https:\/\/www.yungayino.cl\/noticias\/index.php?rest_route=%2Fwp%2Fv2%2Fcomments&post=27816"}],"version-history":[{"count":4,"href":"https:\/\/www.yungayino.cl\/noticias\/index.php?rest_route=\/wp\/v2\/posts\/27816\/revisions"}],"predecessor-version":[{"id":27821,"href":"https:\/\/www.yungayino.cl\/noticias\/index.php?rest_route=\/wp\/v2\/posts\/27816\/revisions\/27821"}],"wp:featuredmedia":[{"embeddable":true,"href":"https:\/\/www.yungayino.cl\/noticias\/index.php?rest_route=\/wp\/v2\/media\/27817"}],"wp:attachment":[{"href":"https:\/\/www.yungayino.cl\/noticias\/index.php?rest_route=%2Fwp%2Fv2%2Fmedia&parent=27816"}],"wp:term":[{"taxonomy":"category","embeddable":true,"href":"https:\/\/www.yungayino.cl\/noticias\/index.php?rest_route=%2Fwp%2Fv2%2Fcategories&post=27816"},{"taxonomy":"post_tag","embeddable":true,"href":"https:\/\/www.yungayino.cl\/noticias\/index.php?rest_route=%2Fwp%2Fv2%2Ftags&post=27816"}],"curies":[{"name":"wp","href":"https:\/\/api.w.org\/{rel}","templated":true}]}}