{"id":2783,"date":"2010-01-08T23:00:17","date_gmt":"2010-01-09T03:00:17","guid":{"rendered":"http:\/\/www.yungayino.cl\/noticias\/?p=2783"},"modified":"2010-01-09T00:42:45","modified_gmt":"2010-01-09T04:42:45","slug":"presentacion-del-grupo-embrujo-ranchero-en-yungay","status":"publish","type":"post","link":"https:\/\/www.yungayino.cl\/noticias\/?p=2783","title":{"rendered":"Presentaci\u00f3n del Grupo \u00abEmbrujo Ranchero\u00bb en Yungay"},"content":{"rendered":"<p><img decoding=\"async\" src=\"http:\/\/www.yungayino.cl\/imagenes\/embrujoranchero.jpg\" alt=\"Presentaci\u00f3n del Grupo \u201cEmbrujo Ranchero\u201d en Yungay\" \/><\/p>\n<p align=\"justify\"><font size=\"2\">Viernes 08 de enero, a las 22:30 horas se presento en el Odeon de la Plaza Iquique de nuestra comuna el Grupo \u201cEmbrujo Ranchero\u201d de la ciudad de Melipilla, el cu\u00e1l esta compuesto por Camilo en el teclado, Mauricio en percusi\u00f3n, Hugo en primera voz, Mauricio en guitarra y que adem\u00e1s en esta presentaci\u00f3n fueron acompa\u00f1ados por Catalina en timbales y Nicole en guitarra. Con un variado repertorio de m\u00fasica ranchera dentro de la cuales destacaron \u201cLa cumbia del sapito\u201d y \u201cSigno libra\u201d, hicieron bailar y cantar a los yungayinos presentes, adem\u00e1s de realizar concursos y regalar CD. Esta presentaci\u00f3n cont\u00f3 con la colaboraci\u00f3n de la Municipalidad de Yungay.<br \/>\n<a href=\"http:\/\/www.yungayino.cl\/noticias\/?p=2783#comments\">Comente Aqu\u00ed<\/a><br \/>\n<a href=\"http:\/\/www.flickr.com\/photos\/45693900@N02\/tags\/embrujoranchero\/\">Fotograf\u00edas<\/a><\/font><\/p>\n","protected":false},"excerpt":{"rendered":"<p>Viernes 08 de enero, a las 22:30 horas se presento en el Odeon de la Plaza Iquique de nuestra comuna el Grupo \u201cEmbrujo Ranchero\u201d de la ciudad de Melipilla, el cu\u00e1l esta compuesto por&#46;&#46;&#46;<\/p>\n","protected":false},"author":2,"featured_media":15206,"comment_status":"open","ping_status":"open","sticky":false,"template":"","format":"standard","meta":{"footnotes":""},"categories":[1],"tags":[144,1115,8,6],"class_list":["post-2783","post","type-post","status-publish","format-standard","has-post-thumbnail","hentry","category-noticias","tag-embrujo-ranchero","tag-noticias","tag-yungay","tag-yungayino"],"_links":{"self":[{"href":"https:\/\/www.yungayino.cl\/noticias\/index.php?rest_route=\/wp\/v2\/posts\/2783","targetHints":{"allow":["GET"]}}],"collection":[{"href":"https:\/\/www.yungayino.cl\/noticias\/index.php?rest_route=\/wp\/v2\/posts"}],"about":[{"href":"https:\/\/www.yungayino.cl\/noticias\/index.php?rest_route=\/wp\/v2\/types\/post"}],"author":[{"embeddable":true,"href":"https:\/\/www.yungayino.cl\/noticias\/index.php?rest_route=\/wp\/v2\/users\/2"}],"replies":[{"embeddable":true,"href":"https:\/\/www.yungayino.cl\/noticias\/index.php?rest_route=%2Fwp%2Fv2%2Fcomments&post=2783"}],"version-history":[{"count":4,"href":"https:\/\/www.yungayino.cl\/noticias\/index.php?rest_route=\/wp\/v2\/posts\/2783\/revisions"}],"predecessor-version":[{"id":2787,"href":"https:\/\/www.yungayino.cl\/noticias\/index.php?rest_route=\/wp\/v2\/posts\/2783\/revisions\/2787"}],"wp:featuredmedia":[{"embeddable":true,"href":"https:\/\/www.yungayino.cl\/noticias\/index.php?rest_route=\/wp\/v2\/media\/15206"}],"wp:attachment":[{"href":"https:\/\/www.yungayino.cl\/noticias\/index.php?rest_route=%2Fwp%2Fv2%2Fmedia&parent=2783"}],"wp:term":[{"taxonomy":"category","embeddable":true,"href":"https:\/\/www.yungayino.cl\/noticias\/index.php?rest_route=%2Fwp%2Fv2%2Fcategories&post=2783"},{"taxonomy":"post_tag","embeddable":true,"href":"https:\/\/www.yungayino.cl\/noticias\/index.php?rest_route=%2Fwp%2Fv2%2Ftags&post=2783"}],"curies":[{"name":"wp","href":"https:\/\/api.w.org\/{rel}","templated":true}]}}