{"id":27842,"date":"2023-02-23T07:00:05","date_gmt":"2023-02-23T11:00:05","guid":{"rendered":"http:\/\/www.yungayino.cl\/noticias\/?p=27842"},"modified":"2023-02-19T17:48:46","modified_gmt":"2023-02-19T21:48:46","slug":"seremi-de-desarrollo-social-y-familia-entrego-en-yungay-kits-ludicos-de-emergencia","status":"publish","type":"post","link":"https:\/\/www.yungayino.cl\/noticias\/?p=27842","title":{"rendered":"Seremi de Desarrollo Social y familia Entreg\u00f3 en Yungay Kits L\u00fadicos de Emergencia"},"content":{"rendered":"<p><img loading=\"lazy\" decoding=\"async\" class=\"alignnone wp-image-27843 size-full\" src=\"http:\/\/www.yungayino.cl\/noticias\/wp-content\/uploads\/2023\/02\/kits-ludicos-emergencias.jpg\" alt=\"\" width=\"700\" height=\"351\" srcset=\"https:\/\/www.yungayino.cl\/noticias\/wp-content\/uploads\/2023\/02\/kits-ludicos-emergencias.jpg 700w, https:\/\/www.yungayino.cl\/noticias\/wp-content\/uploads\/2023\/02\/kits-ludicos-emergencias-300x150.jpg 300w, https:\/\/www.yungayino.cl\/noticias\/wp-content\/uploads\/2023\/02\/kits-ludicos-emergencias-299x150.jpg 299w\" sizes=\"auto, (max-width: 700px) 100vw, 700px\" \/><\/p>\n<p style=\"text-align: justify;\">Yungay, febrero 2023: La seremi de Desarrollo Social y Familia, Marta Carvajal Aguirre lleg\u00f3 hasta nuestra comuna para hacer entrega de kits l\u00fadicos de emergencia, los cuales ser\u00e1n entregados a ni\u00f1os y ni\u00f1as entre 0 y 9 a\u00f1os de edad afectados por la emergencia en nuestra comuna.<\/p>\n<p style=\"text-align: justify;\">Estos kits constan de una mochila que contiene un peluche, una manta, una linterna, dos pulseras de identificaci\u00f3n, una manta para la lluvia, un juego de vajilla de pl\u00e1stico, entre otras cosas para fomentar el aprendizaje y diversi\u00f3n de los menores.<\/p>\n<p style=\"text-align: justify;\">El material recepcionado est\u00e1 orientado a contribuir y apoyar las condiciones personales y familiares de quienes fueron damnificados por los incendios en nuestra comuna.<\/p>\n","protected":false},"excerpt":{"rendered":"<p>Yungay, febrero 2023: La seremi de Desarrollo Social y Familia, Marta Carvajal Aguirre lleg\u00f3 hasta nuestra comuna para hacer entrega de kits l\u00fadicos de emergencia, los cuales ser\u00e1n entregados a ni\u00f1os y ni\u00f1as entre&#46;&#46;&#46;<\/p>\n","protected":false},"author":2,"featured_media":27843,"comment_status":"closed","ping_status":"open","sticky":false,"template":"","format":"standard","meta":{"footnotes":""},"categories":[1],"tags":[2757,1115,8,6,117],"class_list":["post-27842","post","type-post","status-publish","format-standard","has-post-thumbnail","hentry","category-noticias","tag-kits-ludicos-emergencia","tag-noticias","tag-yungay","tag-yungayino","tag-yungayinocl"],"_links":{"self":[{"href":"https:\/\/www.yungayino.cl\/noticias\/index.php?rest_route=\/wp\/v2\/posts\/27842","targetHints":{"allow":["GET"]}}],"collection":[{"href":"https:\/\/www.yungayino.cl\/noticias\/index.php?rest_route=\/wp\/v2\/posts"}],"about":[{"href":"https:\/\/www.yungayino.cl\/noticias\/index.php?rest_route=\/wp\/v2\/types\/post"}],"author":[{"embeddable":true,"href":"https:\/\/www.yungayino.cl\/noticias\/index.php?rest_route=\/wp\/v2\/users\/2"}],"replies":[{"embeddable":true,"href":"https:\/\/www.yungayino.cl\/noticias\/index.php?rest_route=%2Fwp%2Fv2%2Fcomments&post=27842"}],"version-history":[{"count":2,"href":"https:\/\/www.yungayino.cl\/noticias\/index.php?rest_route=\/wp\/v2\/posts\/27842\/revisions"}],"predecessor-version":[{"id":27845,"href":"https:\/\/www.yungayino.cl\/noticias\/index.php?rest_route=\/wp\/v2\/posts\/27842\/revisions\/27845"}],"wp:featuredmedia":[{"embeddable":true,"href":"https:\/\/www.yungayino.cl\/noticias\/index.php?rest_route=\/wp\/v2\/media\/27843"}],"wp:attachment":[{"href":"https:\/\/www.yungayino.cl\/noticias\/index.php?rest_route=%2Fwp%2Fv2%2Fmedia&parent=27842"}],"wp:term":[{"taxonomy":"category","embeddable":true,"href":"https:\/\/www.yungayino.cl\/noticias\/index.php?rest_route=%2Fwp%2Fv2%2Fcategories&post=27842"},{"taxonomy":"post_tag","embeddable":true,"href":"https:\/\/www.yungayino.cl\/noticias\/index.php?rest_route=%2Fwp%2Fv2%2Ftags&post=27842"}],"curies":[{"name":"wp","href":"https:\/\/api.w.org\/{rel}","templated":true}]}}