{"id":27849,"date":"2023-02-21T07:00:35","date_gmt":"2023-02-21T11:00:35","guid":{"rendered":"http:\/\/www.yungayino.cl\/noticias\/?p=27849"},"modified":"2023-02-19T17:51:55","modified_gmt":"2023-02-19T21:51:55","slug":"desde-la-comuna-de-las-cabras-llego-ayuda-a-yungay","status":"publish","type":"post","link":"https:\/\/www.yungayino.cl\/noticias\/?p=27849","title":{"rendered":"Desde la Comuna de Las Cabras Lleg\u00f3 Ayuda a Yungay"},"content":{"rendered":"<p><img loading=\"lazy\" decoding=\"async\" class=\"alignnone wp-image-27850 size-full\" src=\"http:\/\/www.yungayino.cl\/noticias\/wp-content\/uploads\/2023\/02\/ayudad-desde-las-cabras.jpg\" alt=\"\" width=\"700\" height=\"350\" srcset=\"https:\/\/www.yungayino.cl\/noticias\/wp-content\/uploads\/2023\/02\/ayudad-desde-las-cabras.jpg 700w, https:\/\/www.yungayino.cl\/noticias\/wp-content\/uploads\/2023\/02\/ayudad-desde-las-cabras-300x150.jpg 300w\" sizes=\"auto, (max-width: 700px) 100vw, 700px\" \/><\/p>\n<p style=\"text-align: justify;\">Yungay, febrero 2023: Desde la comuna de Las Cabras se traslad\u00f3 la concejal Pamela Marambio junto a un equipo conformado por dirigentes vecinales de la localidad, para apoyar a las familias afectadas por los incendios en Yungay.<\/p>\n<p style=\"text-align: justify;\">El alcalde, Rafael Cifuentes Rodr\u00edguez acompa\u00f1\u00f3 a la concejal y su equipo a recorrer los sectores de San Miguel de Itata y Ranchillo entregando cajas de alimentos, ropa, agua embotellada y comida para mascotas a las familias damnificadas por los incendios en nuestra comuna.<\/p>\n<p style=\"text-align: justify;\">\u00abAgradecemos el apoyo de la concejal y de la comunidad de Las Cabras, est\u00e1 ayuda que viene desde tan lejos, ser\u00e1 de mucha utilidad para nuestros vecinos y vecinas afectados\u00bb sostuvo la primera autoridad comunal.<\/p>\n","protected":false},"excerpt":{"rendered":"<p>Yungay, febrero 2023: Desde la comuna de Las Cabras se traslad\u00f3 la concejal Pamela Marambio junto a un equipo conformado por dirigentes vecinales de la localidad, para apoyar a las familias afectadas por los&#46;&#46;&#46;<\/p>\n","protected":false},"author":2,"featured_media":27850,"comment_status":"closed","ping_status":"open","sticky":false,"template":"","format":"standard","meta":{"footnotes":""},"categories":[1],"tags":[1115,8,6,117],"class_list":["post-27849","post","type-post","status-publish","format-standard","has-post-thumbnail","hentry","category-noticias","tag-noticias","tag-yungay","tag-yungayino","tag-yungayinocl"],"_links":{"self":[{"href":"https:\/\/www.yungayino.cl\/noticias\/index.php?rest_route=\/wp\/v2\/posts\/27849","targetHints":{"allow":["GET"]}}],"collection":[{"href":"https:\/\/www.yungayino.cl\/noticias\/index.php?rest_route=\/wp\/v2\/posts"}],"about":[{"href":"https:\/\/www.yungayino.cl\/noticias\/index.php?rest_route=\/wp\/v2\/types\/post"}],"author":[{"embeddable":true,"href":"https:\/\/www.yungayino.cl\/noticias\/index.php?rest_route=\/wp\/v2\/users\/2"}],"replies":[{"embeddable":true,"href":"https:\/\/www.yungayino.cl\/noticias\/index.php?rest_route=%2Fwp%2Fv2%2Fcomments&post=27849"}],"version-history":[{"count":1,"href":"https:\/\/www.yungayino.cl\/noticias\/index.php?rest_route=\/wp\/v2\/posts\/27849\/revisions"}],"predecessor-version":[{"id":27851,"href":"https:\/\/www.yungayino.cl\/noticias\/index.php?rest_route=\/wp\/v2\/posts\/27849\/revisions\/27851"}],"wp:featuredmedia":[{"embeddable":true,"href":"https:\/\/www.yungayino.cl\/noticias\/index.php?rest_route=\/wp\/v2\/media\/27850"}],"wp:attachment":[{"href":"https:\/\/www.yungayino.cl\/noticias\/index.php?rest_route=%2Fwp%2Fv2%2Fmedia&parent=27849"}],"wp:term":[{"taxonomy":"category","embeddable":true,"href":"https:\/\/www.yungayino.cl\/noticias\/index.php?rest_route=%2Fwp%2Fv2%2Fcategories&post=27849"},{"taxonomy":"post_tag","embeddable":true,"href":"https:\/\/www.yungayino.cl\/noticias\/index.php?rest_route=%2Fwp%2Fv2%2Ftags&post=27849"}],"curies":[{"name":"wp","href":"https:\/\/api.w.org\/{rel}","templated":true}]}}