{"id":27852,"date":"2023-02-20T07:00:02","date_gmt":"2023-02-20T11:00:02","guid":{"rendered":"http:\/\/www.yungayino.cl\/noticias\/?p=27852"},"modified":"2023-02-19T17:53:15","modified_gmt":"2023-02-19T21:53:15","slug":"alcalde-comunica-a-seremi-de-obras-publicas-su-preocupacion-por-mal-estado-de-caminos","status":"publish","type":"post","link":"https:\/\/www.yungayino.cl\/noticias\/?p=27852","title":{"rendered":"Alcalde Comunica a Seremi de Obras P\u00fablicas su Preocupaci\u00f3n por Mal Estado de Caminos"},"content":{"rendered":"<p><img loading=\"lazy\" decoding=\"async\" class=\"alignnone wp-image-27853 size-full\" src=\"http:\/\/www.yungayino.cl\/noticias\/wp-content\/uploads\/2023\/02\/mop.jpg\" alt=\"\" width=\"700\" height=\"350\" srcset=\"https:\/\/www.yungayino.cl\/noticias\/wp-content\/uploads\/2023\/02\/mop.jpg 700w, https:\/\/www.yungayino.cl\/noticias\/wp-content\/uploads\/2023\/02\/mop-300x150.jpg 300w\" sizes=\"auto, (max-width: 700px) 100vw, 700px\" \/><\/p>\n<p style=\"text-align: justify;\">Yungay, febrero 2023: El alcalde, Rafael Cifuentes Rodr\u00edguez se comunic\u00f3 nuevamente con el seremi de Obras P\u00fablicas, Paulo de la Fuente Paredes, para comunicarle la preocupaci\u00f3n por el estado de los caminos que son competencia de Direcci\u00f3n de Vialidad del MOP.<\/p>\n<p style=\"text-align: justify;\">\u201cSabemos que en este momento hay una emergencia regional, pero, por lo mismo, queremos solicitar una mayor atenci\u00f3n con las rutas m\u00e1s sensibles de nuestra comuna, las que afectan a nuestros vecinos, vecinas y turistas\u201d coment\u00f3 la primera autoridad comunal, refiri\u00e9ndose a los caminos rurales en mal estado.<\/p>\n<p style=\"text-align: justify;\">La autoridad de Obras P\u00fablicas manifest\u00f3 que \u00e9sta semana continuar\u00e1n con los trabajos iniciados el mi\u00e9rcoles pasado, y volver\u00e1n a intervenir los caminos que son de su administraci\u00f3n.<\/p>\n","protected":false},"excerpt":{"rendered":"<p>Yungay, febrero 2023: El alcalde, Rafael Cifuentes Rodr\u00edguez se comunic\u00f3 nuevamente con el seremi de Obras P\u00fablicas, Paulo de la Fuente Paredes, para comunicarle la preocupaci\u00f3n por el estado de los caminos que son&#46;&#46;&#46;<\/p>\n","protected":false},"author":2,"featured_media":27853,"comment_status":"closed","ping_status":"open","sticky":false,"template":"","format":"standard","meta":{"footnotes":""},"categories":[1],"tags":[2259,1115,8,6,117],"class_list":["post-27852","post","type-post","status-publish","format-standard","has-post-thumbnail","hentry","category-noticias","tag-mop","tag-noticias","tag-yungay","tag-yungayino","tag-yungayinocl"],"_links":{"self":[{"href":"https:\/\/www.yungayino.cl\/noticias\/index.php?rest_route=\/wp\/v2\/posts\/27852","targetHints":{"allow":["GET"]}}],"collection":[{"href":"https:\/\/www.yungayino.cl\/noticias\/index.php?rest_route=\/wp\/v2\/posts"}],"about":[{"href":"https:\/\/www.yungayino.cl\/noticias\/index.php?rest_route=\/wp\/v2\/types\/post"}],"author":[{"embeddable":true,"href":"https:\/\/www.yungayino.cl\/noticias\/index.php?rest_route=\/wp\/v2\/users\/2"}],"replies":[{"embeddable":true,"href":"https:\/\/www.yungayino.cl\/noticias\/index.php?rest_route=%2Fwp%2Fv2%2Fcomments&post=27852"}],"version-history":[{"count":1,"href":"https:\/\/www.yungayino.cl\/noticias\/index.php?rest_route=\/wp\/v2\/posts\/27852\/revisions"}],"predecessor-version":[{"id":27854,"href":"https:\/\/www.yungayino.cl\/noticias\/index.php?rest_route=\/wp\/v2\/posts\/27852\/revisions\/27854"}],"wp:featuredmedia":[{"embeddable":true,"href":"https:\/\/www.yungayino.cl\/noticias\/index.php?rest_route=\/wp\/v2\/media\/27853"}],"wp:attachment":[{"href":"https:\/\/www.yungayino.cl\/noticias\/index.php?rest_route=%2Fwp%2Fv2%2Fmedia&parent=27852"}],"wp:term":[{"taxonomy":"category","embeddable":true,"href":"https:\/\/www.yungayino.cl\/noticias\/index.php?rest_route=%2Fwp%2Fv2%2Fcategories&post=27852"},{"taxonomy":"post_tag","embeddable":true,"href":"https:\/\/www.yungayino.cl\/noticias\/index.php?rest_route=%2Fwp%2Fv2%2Ftags&post=27852"}],"curies":[{"name":"wp","href":"https:\/\/api.w.org\/{rel}","templated":true}]}}