{"id":27855,"date":"2023-02-27T07:00:22","date_gmt":"2023-02-27T11:00:22","guid":{"rendered":"http:\/\/www.yungayino.cl\/noticias\/?p=27855"},"modified":"2023-02-19T17:55:53","modified_gmt":"2023-02-19T21:55:53","slug":"sernameg-invita-a-las-mujeres-nublensinas-a-postular-al-programa-mujer-emprende","status":"publish","type":"post","link":"https:\/\/www.yungayino.cl\/noticias\/?p=27855","title":{"rendered":"SernamEG Invita a las Mujeres \u00d1ublensinas a Postular al Programa Mujer Emprende"},"content":{"rendered":"<p><img loading=\"lazy\" decoding=\"async\" class=\"alignnone wp-image-27856 size-full\" src=\"http:\/\/www.yungayino.cl\/noticias\/wp-content\/uploads\/2023\/02\/programa-mujer-emprende.jpg\" alt=\"\" width=\"700\" height=\"389\" srcset=\"https:\/\/www.yungayino.cl\/noticias\/wp-content\/uploads\/2023\/02\/programa-mujer-emprende.jpg 700w, https:\/\/www.yungayino.cl\/noticias\/wp-content\/uploads\/2023\/02\/programa-mujer-emprende-300x167.jpg 300w, https:\/\/www.yungayino.cl\/noticias\/wp-content\/uploads\/2023\/02\/programa-mujer-emprende-270x150.jpg 270w\" sizes=\"auto, (max-width: 700px) 100vw, 700px\" \/><\/p>\n<p style=\"text-align: justify;\">Febrero 2023: En las comunas afectadas por los incendios se ampliar\u00e1 el plazo para postular a las distintas capacitaciones que se ofrecen.<\/p>\n<p style=\"text-align: justify;\"><em>\u00a0<\/em>Promover la autonom\u00eda econ\u00f3mica de las mujeres, a trav\u00e9s del fortalecimiento de emprendimientos y su continuidad en el tiempo. \u00c9se es el objetivo del <strong>programa Mujer Emprende<\/strong> del Servicio Nacional de la Mujer y la Equidad de G\u00e9nero (<strong>SernamEG<\/strong>) que mantiene abierta su convocatoria para este a\u00f1o.<\/p>\n<p style=\"text-align: justify;\">El programa est\u00e1 orientado a mujeres mayores de 18 a\u00f1os que tengan un emprendimiento de al menos un a\u00f1o de antig\u00fcedad, sin importar si est\u00e1 formalizado o no. El prop\u00f3sito es potenciar las capacidades de las emprendedoras, por ejemplo, en el uso de la tecnolog\u00eda (redes sociales) para hacer crecer sus negocios.<\/p>\n<p style=\"text-align: justify;\">Este a\u00f1o, a prop\u00f3sito de la emergencia por los incendios en distintas regiones del pa\u00eds, la convocatoria extender\u00e1 sus plazos. \u201cSabemos lo importante que es el programa Mujer Emprende para apoyar a las mujeres con sus negocios y que puedan mejorar la calidad de vida de ellas y sus familias. Por lo mismo, vamos a ampliar la fecha de postulaciones en las regiones afectadas por los incendios y tambi\u00e9n vamos a flexibilizar los requisitos en esos lugares, con el objetivo de aportar con nuestros programas al levantamiento de las zonas afectadas por esta cat\u00e1strofe\u201d, asegur\u00f3 la Directora Nacional del SernamEG, Priscilla Carrasco Pizarro.<\/p>\n<p style=\"text-align: justify;\">De los componentes del programa, la Escuela Mujer Emprende puso a disposici\u00f3n <strong>1.500 cupos distribuidos de Arica a Magallanes<\/strong>. Adem\u00e1s, est\u00e1n abiertas las postulaciones a otras instancias como apoyos de tutor\u00edas y mentor\u00edas, as\u00ed como capacitaciones en convenio con otras instituciones p\u00fablicas y privadas.<\/p>\n<p style=\"text-align: justify;\">M. Elizabeth Concha, Directora Regional (s) de SernamEG \u00d1uble, se refiri\u00f3 a la convocatoria, \u201cInvitamos a las emprendedoras \u00d1ublensinas que quieran fortalecer sus emprendimientos a postular al programa, este a\u00f1o nuestra regi\u00f3n cuenta con 60 cupos para la participaci\u00f3n en la Escuela Mujer Emprende, adem\u00e1s se cuenta con espacios de comercializaci\u00f3n para sus participantes. En la Escuela las mujeres recibir\u00e1n herramientas que les permitir\u00e1 fomentar y potenciar su autonom\u00eda econ\u00f3mica, adem\u00e1s, de fortalecer sus emprendimientos\u201d.<\/p>\n<p style=\"text-align: justify;\">Para postular a la versi\u00f3n 2023 del programa Mujer Emprende, se habilit\u00f3 un formulario digital en el sitio <strong>sernameg.gob.cl, <\/strong>pero tambi\u00e9n las mujeres interesadas pueden solicitar el formulario de manera presencial en la oficina regional SernamEG ubicada en calle Arauco #208 en la comuna de Chill\u00e1n de lunes a viernes en horario de ma\u00f1ana 09:00 a 13:00 y de tarde 15:00 a 16:00. <strong>El plazo de postulaci\u00f3n es hasta el 30 de marzo del 2023<\/strong>.<\/p>\n","protected":false},"excerpt":{"rendered":"<p>Febrero 2023: En las comunas afectadas por los incendios se ampliar\u00e1 el plazo para postular a las distintas capacitaciones que se ofrecen. \u00a0Promover la autonom\u00eda econ\u00f3mica de las mujeres, a trav\u00e9s del fortalecimiento de&#46;&#46;&#46;<\/p>\n","protected":false},"author":2,"featured_media":27856,"comment_status":"closed","ping_status":"open","sticky":false,"template":"","format":"standard","meta":{"footnotes":""},"categories":[1],"tags":[1115,1697,8,6,117],"class_list":["post-27855","post","type-post","status-publish","format-standard","has-post-thumbnail","hentry","category-noticias","tag-noticias","tag-sernameg","tag-yungay","tag-yungayino","tag-yungayinocl"],"_links":{"self":[{"href":"https:\/\/www.yungayino.cl\/noticias\/index.php?rest_route=\/wp\/v2\/posts\/27855","targetHints":{"allow":["GET"]}}],"collection":[{"href":"https:\/\/www.yungayino.cl\/noticias\/index.php?rest_route=\/wp\/v2\/posts"}],"about":[{"href":"https:\/\/www.yungayino.cl\/noticias\/index.php?rest_route=\/wp\/v2\/types\/post"}],"author":[{"embeddable":true,"href":"https:\/\/www.yungayino.cl\/noticias\/index.php?rest_route=\/wp\/v2\/users\/2"}],"replies":[{"embeddable":true,"href":"https:\/\/www.yungayino.cl\/noticias\/index.php?rest_route=%2Fwp%2Fv2%2Fcomments&post=27855"}],"version-history":[{"count":2,"href":"https:\/\/www.yungayino.cl\/noticias\/index.php?rest_route=\/wp\/v2\/posts\/27855\/revisions"}],"predecessor-version":[{"id":27858,"href":"https:\/\/www.yungayino.cl\/noticias\/index.php?rest_route=\/wp\/v2\/posts\/27855\/revisions\/27858"}],"wp:featuredmedia":[{"embeddable":true,"href":"https:\/\/www.yungayino.cl\/noticias\/index.php?rest_route=\/wp\/v2\/media\/27856"}],"wp:attachment":[{"href":"https:\/\/www.yungayino.cl\/noticias\/index.php?rest_route=%2Fwp%2Fv2%2Fmedia&parent=27855"}],"wp:term":[{"taxonomy":"category","embeddable":true,"href":"https:\/\/www.yungayino.cl\/noticias\/index.php?rest_route=%2Fwp%2Fv2%2Fcategories&post=27855"},{"taxonomy":"post_tag","embeddable":true,"href":"https:\/\/www.yungayino.cl\/noticias\/index.php?rest_route=%2Fwp%2Fv2%2Ftags&post=27855"}],"curies":[{"name":"wp","href":"https:\/\/api.w.org\/{rel}","templated":true}]}}