{"id":27863,"date":"2023-03-02T07:00:47","date_gmt":"2023-03-02T11:00:47","guid":{"rendered":"http:\/\/www.yungayino.cl\/noticias\/?p=27863"},"modified":"2023-02-24T20:40:46","modified_gmt":"2023-02-25T00:40:46","slug":"nuble-sera-el-epicentro-de-la-agricultura-organica-con-feria-internacional-durante-marzo","status":"publish","type":"post","link":"https:\/\/www.yungayino.cl\/noticias\/?p=27863","title":{"rendered":"\u00d1uble Ser\u00e1 el Epicentro de la Agricultura Org\u00e1nica con Feria Internacional Durante Marzo"},"content":{"rendered":"<p><img loading=\"lazy\" decoding=\"async\" class=\"alignnone wp-image-27864 size-full\" src=\"http:\/\/www.yungayino.cl\/noticias\/wp-content\/uploads\/2023\/02\/epicentro-agricultura-1.jpg\" alt=\"\" width=\"700\" height=\"382\" srcset=\"https:\/\/www.yungayino.cl\/noticias\/wp-content\/uploads\/2023\/02\/epicentro-agricultura-1.jpg 700w, https:\/\/www.yungayino.cl\/noticias\/wp-content\/uploads\/2023\/02\/epicentro-agricultura-1-300x164.jpg 300w, https:\/\/www.yungayino.cl\/noticias\/wp-content\/uploads\/2023\/02\/epicentro-agricultura-1-275x150.jpg 275w\" sizes=\"auto, (max-width: 700px) 100vw, 700px\" \/><\/p>\n<p style=\"text-align: justify;\">\u00d1uble, marzo 2023: La capital regional de \u00d1uble ser\u00e1 el epicentro de la agricultura org\u00e1nica entre el 17 y 19 de marzo, donde se reunir\u00e1n expertos nacionales e internacionales en la materia, junto a proveedores y productores, en la Feria Expo Agro Org\u00e1nica \u00d1uble, que se desarrollar\u00e1 en la Plaza Santo Domingo de Chill\u00e1n.\u00a0 As\u00ed lo dieron a conocer esta ma\u00f1ana el Gobernador Regional, \u00d3scar Cris\u00f3stomo, junto al fundador de Agricultura Org\u00e1nica Agroecol\u00f3gica, AOA Chile, Rodrigo Rojas, quienes acompa\u00f1ados de los consejeros regionales Alberto Jarpa, Iter Stuardo, Arnoldo Jim\u00e9nez y Sergio Inostroza, valoraron la instancia que llega en un momento muy atingente para los agricultores de la regi\u00f3n.<\/p>\n<p style=\"text-align: justify;\">La feria ser\u00e1 totalmente gratuita, cuenta con un nutrido programa con m\u00e1s de quince actividades diferentes, charlas, simposios, stand con productos org\u00e1nicos de empresas fabricantes nacionales e internacionales, cooperativas, agricultores org\u00e1nicos y un show de cocina en vivo.<\/p>\n<p style=\"text-align: justify;\">El Gobernador Cris\u00f3stomo junto con hacer extensiva la invitaci\u00f3n a la comunidad a participar de la jornada, record\u00f3 que \u201cla Regi\u00f3n de \u00d1uble se ha caracterizado en este tiempo por hacer una transici\u00f3n al mundo agro org\u00e1nico y eso ha permitido tener un sello muy diferenciador a nuestros productores, y en ese marco es que queremos seguir potenciando la sustentabilidad de nuestra regi\u00f3n. Por eso estamos apoyando, como Gobierno Regional,\u00a0 la organizaci\u00f3n de la Expo Agro Org\u00e1nica que se va a desarrollar entre el 17 y 19 de marzo, una oportunidad para que nuestros productores puedan estar presentes\u201d.<\/p>\n<p style=\"text-align: justify;\">La m\u00e1xima autoridad regional, agreg\u00f3 que esta feria llega en un contexto especial, \u201cestamos en medio de una emergencia por incendios forestales, que en la Regi\u00f3n de \u00d1uble han afectado a productores y esto viene a abrir una gama de posibilidades para nuestros productores\u201d.<\/p>\n<p style=\"text-align: justify;\">Por su parte, Rodrigo Rojas, organizador del evento, junto con\u00a0 agradecer a los auspiciadores y el apoyo del Gobierno Regional en la difusi\u00f3n de la Expo, relat\u00f3 que la actividad \u201cviene con un programa bastante interesante para los peque\u00f1os agricultores y para los consumidores en el cual\u00a0 ellos van a poder visualizar de qu\u00e9 manera se est\u00e1 trabajando programas de agricultura org\u00e1nica en otros pa\u00edses, especialmente en Brasil, donde ya lleva 10 a\u00f1os un programa que es manejado por el Estado para que los agricultores se puedan certificar, que es un cuello de botella que hay en\u00a0 Chile para la comercializaci\u00f3n\u201d. Adem\u00e1s, Rojas se\u00f1al\u00f3, \u201cse har\u00e1 entrega de algunos insumos para los afectados por los incendios para que ellos puedan mejorar sus suelos en base a lo que se necesita, que es mucha materia org\u00e1nica\u201d.<\/p>\n<p style=\"text-align: justify;\">Como\u00a0 vicepresidente de la Comisi\u00f3n de Agricultura y Recursos H\u00eddricos, el Consejero Regional, Iter Stuardo, destac\u00f3 que \u201cel Gobierno Regional tome esta iniciativa, porque conociendo nuestro territorio existen en la Regi\u00f3n de \u00d1uble muchos grupos agroecol\u00f3gicos ya formados, tenemos en Coelemu, en\u00a0 Quirihue, en San Nicol\u00e1s, y estos grupos van a valorar que el Gobierno\u00a0 Regional\u00a0 lidere esta iniciativa\u201d.<\/p>\n<p style=\"text-align: justify;\">En lanzamiento oficial de la Expo Agro Org\u00e1nica \u00d1uble, tambi\u00e9n estuvieron presentes los alcaldes de Yungay, Rafael Cifuentes, y de \u00d1iqu\u00e9n, Manuel Pino, junto a los directores (s) del SAG, Gloria Cuevas y de ProChile, Cristian Pav\u00e9z.<\/p>\n<p><img loading=\"lazy\" decoding=\"async\" class=\"alignnone wp-image-27865 size-full\" src=\"http:\/\/www.yungayino.cl\/noticias\/wp-content\/uploads\/2023\/02\/epicentro-agricultura-2.jpg\" alt=\"\" width=\"700\" height=\"467\" srcset=\"https:\/\/www.yungayino.cl\/noticias\/wp-content\/uploads\/2023\/02\/epicentro-agricultura-2.jpg 700w, https:\/\/www.yungayino.cl\/noticias\/wp-content\/uploads\/2023\/02\/epicentro-agricultura-2-300x200.jpg 300w, https:\/\/www.yungayino.cl\/noticias\/wp-content\/uploads\/2023\/02\/epicentro-agricultura-2-225x150.jpg 225w\" sizes=\"auto, (max-width: 700px) 100vw, 700px\" \/><\/p>\n","protected":false},"excerpt":{"rendered":"<p>\u00d1uble, marzo 2023: La capital regional de \u00d1uble ser\u00e1 el epicentro de la agricultura org\u00e1nica entre el 17 y 19 de marzo, donde se reunir\u00e1n expertos nacionales e internacionales en la materia, junto a&#46;&#46;&#46;<\/p>\n","protected":false},"author":2,"featured_media":27864,"comment_status":"closed","ping_status":"open","sticky":false,"template":"","format":"standard","meta":{"footnotes":""},"categories":[1],"tags":[1115,1678,8,6,117],"class_list":["post-27863","post","type-post","status-publish","format-standard","has-post-thumbnail","hentry","category-noticias","tag-noticias","tag-nuble","tag-yungay","tag-yungayino","tag-yungayinocl"],"_links":{"self":[{"href":"https:\/\/www.yungayino.cl\/noticias\/index.php?rest_route=\/wp\/v2\/posts\/27863","targetHints":{"allow":["GET"]}}],"collection":[{"href":"https:\/\/www.yungayino.cl\/noticias\/index.php?rest_route=\/wp\/v2\/posts"}],"about":[{"href":"https:\/\/www.yungayino.cl\/noticias\/index.php?rest_route=\/wp\/v2\/types\/post"}],"author":[{"embeddable":true,"href":"https:\/\/www.yungayino.cl\/noticias\/index.php?rest_route=\/wp\/v2\/users\/2"}],"replies":[{"embeddable":true,"href":"https:\/\/www.yungayino.cl\/noticias\/index.php?rest_route=%2Fwp%2Fv2%2Fcomments&post=27863"}],"version-history":[{"count":2,"href":"https:\/\/www.yungayino.cl\/noticias\/index.php?rest_route=\/wp\/v2\/posts\/27863\/revisions"}],"predecessor-version":[{"id":27867,"href":"https:\/\/www.yungayino.cl\/noticias\/index.php?rest_route=\/wp\/v2\/posts\/27863\/revisions\/27867"}],"wp:featuredmedia":[{"embeddable":true,"href":"https:\/\/www.yungayino.cl\/noticias\/index.php?rest_route=\/wp\/v2\/media\/27864"}],"wp:attachment":[{"href":"https:\/\/www.yungayino.cl\/noticias\/index.php?rest_route=%2Fwp%2Fv2%2Fmedia&parent=27863"}],"wp:term":[{"taxonomy":"category","embeddable":true,"href":"https:\/\/www.yungayino.cl\/noticias\/index.php?rest_route=%2Fwp%2Fv2%2Fcategories&post=27863"},{"taxonomy":"post_tag","embeddable":true,"href":"https:\/\/www.yungayino.cl\/noticias\/index.php?rest_route=%2Fwp%2Fv2%2Ftags&post=27863"}],"curies":[{"name":"wp","href":"https:\/\/api.w.org\/{rel}","templated":true}]}}