{"id":27872,"date":"2023-02-22T20:00:47","date_gmt":"2023-02-23T00:00:47","guid":{"rendered":"http:\/\/www.yungayino.cl\/noticias\/?p=27872"},"modified":"2023-02-24T20:45:39","modified_gmt":"2023-02-25T00:45:39","slug":"reactivacion-economica-gobierno-regional-firma-85-proyectos-para-obras-en-las-21-comunas-de-nuble","status":"publish","type":"post","link":"https:\/\/www.yungayino.cl\/noticias\/?p=27872","title":{"rendered":"Reactivaci\u00f3n Econ\u00f3mica: Gobierno Regional Firma 85 Proyectos Para Obras en las 21 Comunas de \u00d1uble"},"content":{"rendered":"<p><img loading=\"lazy\" decoding=\"async\" class=\"alignnone wp-image-27873 size-full\" src=\"http:\/\/www.yungayino.cl\/noticias\/wp-content\/uploads\/2023\/02\/reactivacion-economica-nuble.jpg\" alt=\"\" width=\"700\" height=\"376\" srcset=\"https:\/\/www.yungayino.cl\/noticias\/wp-content\/uploads\/2023\/02\/reactivacion-economica-nuble.jpg 700w, https:\/\/www.yungayino.cl\/noticias\/wp-content\/uploads\/2023\/02\/reactivacion-economica-nuble-300x161.jpg 300w, https:\/\/www.yungayino.cl\/noticias\/wp-content\/uploads\/2023\/02\/reactivacion-economica-nuble-279x150.jpg 279w\" sizes=\"auto, (max-width: 700px) 100vw, 700px\" \/><\/p>\n<p style=\"text-align: justify;\">\u00d1uble, febrero 2023: Un total de 85 proyectos del Fondo Regional de Inversi\u00f3n Local, FRIL, que tienen como fin reactivar la econom\u00eda de las 21 comunas, firm\u00f3 hoy el Gobernador Regional, \u00d3scar Cris\u00f3stomo, junto a los alcaldes de la Regi\u00f3n de \u00d1uble. Se trata de una inversi\u00f3n de M$ 7.433.738 en obras para mejorar espacios p\u00fablicos como plazas, construcci\u00f3n de canchas deportivas, de pozos profundos, de sedes sociales, instalaci\u00f3n de alumbrado p\u00fablico, pavimentaci\u00f3n de calles y veredas, m\u00e1s soluciones de agua potable rural.<\/p>\n<p style=\"text-align: justify;\">En una ceremonia que cont\u00f3 con la asistencia de los alcaldes, consejeros regionales y dirigentes vecinales, se concret\u00f3 la firma de las iniciativas que representan un claro impulso a las econom\u00edas comunales. En detalle, la provincia de Diguill\u00edn suma 39 proyectos con una inversi\u00f3n que asciende a los M$3.165; la provincia de Punilla cuenta con 23 nuevas iniciativas con un monto de M$2.174 y la provincia de Itata tambi\u00e9n podr\u00e1 ejecutar 23 obras con M$2.094.<\/p>\n<p style=\"text-align: justify;\">Al respecto, el Gobernador Cris\u00f3stomo subray\u00f3 que \u201ctal como lo anunciamos hace un par de d\u00edas atr\u00e1s, ya concluida la emergencia de los incendios que se encuentran m\u00e1s controlados, iniciamos una primera fase que fue una activaci\u00f3n social, donde estamos destinando cerca de 4 mil millones de pesos para bonos de arriendo, enseres, instalaci\u00f3n final de las casas de emergencia que ha entregado el gobierno central, pero hab\u00eda una tem\u00e1tica que nos tiene muy preocupados y que tiene que ver con la reactivaci\u00f3n econ\u00f3mica\u201d.<\/p>\n<p style=\"text-align: justify;\">Por esta raz\u00f3n, explic\u00f3 Cris\u00f3stomo, \u201cdesde el Gobierno Regional hemos tomado la primera iniciativa a nivel nacional, que se relaciona con el financiamiento de 85 iniciativas, particularmente de espacios p\u00fablicos, canchas, sedes sociales, agua potable rural y una serie de obras para las 21 comunas de nuestra regi\u00f3n de \u00d1uble con una inversi\u00f3n cercana a los 7.500 millones de pesos. Esta inversi\u00f3n directa, que llegar\u00e1 a los municipios, persigue mejorar las condiciones de vida de los habitantes de las comunas, pero tambi\u00e9n disponer de recursos para tener personas contratadas, y tener empleo, en medio de una situaci\u00f3n tan dif\u00edcil como la que se est\u00e1n viviendo aquellas comunas afectadas por los incendios forestales\u201d.<\/p>\n<p style=\"text-align: justify;\">Alcaldes de \u00d1uble<\/p>\n<p style=\"text-align: justify;\">Para el alcalde de Quill\u00f3n, Miguel Pe\u00f1a, \u201clos proyectos FRIL que hemos obtenido desde el Gobierno Regional, son muy importantes para los avances y fortalezas del proyecto que tiene la comuna, para poder seguir creciendo. En nuestro caso son 325 millones de pesos de inversi\u00f3n en los distintos avances que estamos haciendo, en mejoramiento de canchas, un parque de calistenia, tambi\u00e9n tenemos el mejoramiento de la fachada del cementerio y un muelle flotante en nuestro Cendyr N\u00e1utico, que vienen a complementar la parte deportiva de nuestra comuna\u201d.<\/p>\n<p style=\"text-align: justify;\">Por su parte, el alcalde de San Nicol\u00e1s, V\u00edctor Hugo Rice, agradeci\u00f3 al Gobernador y a los consejeros regionales \u201cporque nos han aprobado estos siete proyectos para mi comuna que son muy importantes; consisten en la iluminaci\u00f3n del estadio Silas Smith y del estadio El Manzano, adem\u00e1s del patio techado de la escuela Montele\u00f3n, donde por muchos a\u00f1os los ni\u00f1os no ten\u00edan c\u00f3mo albergarse en los tiempos de lluvia, as\u00ed que esto va a favorecerlos para que en los recreos disfruten y se desenvuelvan libremente. Tambi\u00e9n est\u00e1 contemplada la reparaci\u00f3n de los paraderos que tenemos en la ruta N 50.\u00a0 Estos siete proyectos tienen una inversi\u00f3n aproximada de 500 millones de pesos, por lo tanto, estamos felices, porque vendr\u00e1n a mejorar la calidad de vida de los adultos mayores y de los ni\u00f1os de San Nicol\u00e1s\u201d.<\/p>\n<p style=\"text-align: justify;\">A su vez, Nicol\u00e1s Torres alcalde de R\u00e1nquil asegur\u00f3 que es muy importante \u201cacceder a estos proyectos, ya que es una muestra clara de que, a pesar de la cat\u00e1strofe, seguimos avanzando con iniciativas que estaban postuladas antes de la tragedia, con una mano nos vamos levantando y\u00a0 con otra seguimos creciendo. Es una muy buena se\u00f1al del Gobierno Regional que recibimos con mucho gusto y agradecemos al Gobernador y a los consejeros regionales\u201d.<\/p>\n<p style=\"text-align: justify;\">Tambi\u00e9n al alcalde de Cobquecura, Julio Fuentes, tuvo palabras de gratitud \u201cson cinco proyectos que nos dejan muy satisfechos y agradecidos del Gobierno Regional, de los consejeros por supuesto que est\u00e1n llanos a aprobar las iniciativas, as\u00ed es que como comuna rural y peque\u00f1a nos sentimos muy orgullosos de tener este logro y de construir una mejor regi\u00f3n cada d\u00eda m\u00e1s grande\u201d.<\/p>\n<p style=\"text-align: justify;\">En todos los convenios suscritos, la transferencia de los recursos se realiza de manera directa a los municipios, quienes podr\u00e1n ejecutar los proyectos a contar de los pr\u00f3ximos meses.<\/p>\n","protected":false},"excerpt":{"rendered":"<p>\u00d1uble, febrero 2023: Un total de 85 proyectos del Fondo Regional de Inversi\u00f3n Local, FRIL, que tienen como fin reactivar la econom\u00eda de las 21 comunas, firm\u00f3 hoy el Gobernador Regional, \u00d3scar Cris\u00f3stomo, junto&#46;&#46;&#46;<\/p>\n","protected":false},"author":2,"featured_media":27873,"comment_status":"closed","ping_status":"open","sticky":false,"template":"","format":"standard","meta":{"footnotes":""},"categories":[1],"tags":[1115,1678,8,6,117],"class_list":["post-27872","post","type-post","status-publish","format-standard","has-post-thumbnail","hentry","category-noticias","tag-noticias","tag-nuble","tag-yungay","tag-yungayino","tag-yungayinocl"],"_links":{"self":[{"href":"https:\/\/www.yungayino.cl\/noticias\/index.php?rest_route=\/wp\/v2\/posts\/27872","targetHints":{"allow":["GET"]}}],"collection":[{"href":"https:\/\/www.yungayino.cl\/noticias\/index.php?rest_route=\/wp\/v2\/posts"}],"about":[{"href":"https:\/\/www.yungayino.cl\/noticias\/index.php?rest_route=\/wp\/v2\/types\/post"}],"author":[{"embeddable":true,"href":"https:\/\/www.yungayino.cl\/noticias\/index.php?rest_route=\/wp\/v2\/users\/2"}],"replies":[{"embeddable":true,"href":"https:\/\/www.yungayino.cl\/noticias\/index.php?rest_route=%2Fwp%2Fv2%2Fcomments&post=27872"}],"version-history":[{"count":2,"href":"https:\/\/www.yungayino.cl\/noticias\/index.php?rest_route=\/wp\/v2\/posts\/27872\/revisions"}],"predecessor-version":[{"id":27875,"href":"https:\/\/www.yungayino.cl\/noticias\/index.php?rest_route=\/wp\/v2\/posts\/27872\/revisions\/27875"}],"wp:featuredmedia":[{"embeddable":true,"href":"https:\/\/www.yungayino.cl\/noticias\/index.php?rest_route=\/wp\/v2\/media\/27873"}],"wp:attachment":[{"href":"https:\/\/www.yungayino.cl\/noticias\/index.php?rest_route=%2Fwp%2Fv2%2Fmedia&parent=27872"}],"wp:term":[{"taxonomy":"category","embeddable":true,"href":"https:\/\/www.yungayino.cl\/noticias\/index.php?rest_route=%2Fwp%2Fv2%2Fcategories&post=27872"},{"taxonomy":"post_tag","embeddable":true,"href":"https:\/\/www.yungayino.cl\/noticias\/index.php?rest_route=%2Fwp%2Fv2%2Ftags&post=27872"}],"curies":[{"name":"wp","href":"https:\/\/api.w.org\/{rel}","templated":true}]}}