{"id":27876,"date":"2023-02-22T20:30:30","date_gmt":"2023-02-23T00:30:30","guid":{"rendered":"http:\/\/www.yungayino.cl\/noticias\/?p=27876"},"modified":"2023-02-24T20:47:55","modified_gmt":"2023-02-25T00:47:55","slug":"jefe-de-defensa-nacional-publica-resolucion-exenta-que-permite-actividades-masivas-en-la-region","status":"publish","type":"post","link":"https:\/\/www.yungayino.cl\/noticias\/?p=27876","title":{"rendered":"Jefe de Defensa Nacional Publica Resoluci\u00f3n Exenta que Permite  Actividades Masivas en la Regi\u00f3n"},"content":{"rendered":"<p><img loading=\"lazy\" decoding=\"async\" class=\"alignnone wp-image-27877 size-full\" src=\"http:\/\/www.yungayino.cl\/noticias\/wp-content\/uploads\/2023\/02\/22-febrero-eventos-masivos.png\" alt=\"\" width=\"700\" height=\"700\" srcset=\"https:\/\/www.yungayino.cl\/noticias\/wp-content\/uploads\/2023\/02\/22-febrero-eventos-masivos.png 700w, https:\/\/www.yungayino.cl\/noticias\/wp-content\/uploads\/2023\/02\/22-febrero-eventos-masivos-300x300.png 300w, https:\/\/www.yungayino.cl\/noticias\/wp-content\/uploads\/2023\/02\/22-febrero-eventos-masivos-150x150.png 150w, https:\/\/www.yungayino.cl\/noticias\/wp-content\/uploads\/2023\/02\/22-febrero-eventos-masivos-80x80.png 80w, https:\/\/www.yungayino.cl\/noticias\/wp-content\/uploads\/2023\/02\/22-febrero-eventos-masivos-320x320.png 320w\" sizes=\"auto, (max-width: 700px) 100vw, 700px\" \/><\/p>\n<p style=\"text-align: justify;\">Febrero 2023: Este mi\u00e9rcoles se ha dejado sin efecto la restricci\u00f3n de aforos para reuniones en lugares de uso p\u00fablico, permiti\u00e9ndose desde las actividades de \u00edndole masivo en toda la Regi\u00f3n.<\/p>\n<p style=\"text-align: justify;\">El documento tambi\u00e9n indica que las prohibiciones de uso de fuegos artificiales y pirot\u00e9cnicos, uso de parrillas a carb\u00f3n, el\u00e9ctricas o a gas y la utilizaci\u00f3n de cualquier clase de acelerante y las fogatas, siguen vigentes.<\/p>\n<p style=\"text-align: justify;\">En nuestra comuna, el Polideportivo Municipal volver\u00e1 a abrir sus puertas. \u00a1Ac\u00e9rcate hasta el recinto para coordinar tus talleres!<\/p>\n","protected":false},"excerpt":{"rendered":"<p>Febrero 2023: Este mi\u00e9rcoles se ha dejado sin efecto la restricci\u00f3n de aforos para reuniones en lugares de uso p\u00fablico, permiti\u00e9ndose desde las actividades de \u00edndole masivo en toda la Regi\u00f3n. El documento tambi\u00e9n&#46;&#46;&#46;<\/p>\n","protected":false},"author":2,"featured_media":27877,"comment_status":"closed","ping_status":"open","sticky":false,"template":"","format":"standard","meta":{"footnotes":""},"categories":[3,1],"tags":[1115,8,6,117],"class_list":["post-27876","post","type-post","status-publish","format-standard","has-post-thumbnail","hentry","category-actualidad","category-noticias","tag-noticias","tag-yungay","tag-yungayino","tag-yungayinocl"],"_links":{"self":[{"href":"https:\/\/www.yungayino.cl\/noticias\/index.php?rest_route=\/wp\/v2\/posts\/27876","targetHints":{"allow":["GET"]}}],"collection":[{"href":"https:\/\/www.yungayino.cl\/noticias\/index.php?rest_route=\/wp\/v2\/posts"}],"about":[{"href":"https:\/\/www.yungayino.cl\/noticias\/index.php?rest_route=\/wp\/v2\/types\/post"}],"author":[{"embeddable":true,"href":"https:\/\/www.yungayino.cl\/noticias\/index.php?rest_route=\/wp\/v2\/users\/2"}],"replies":[{"embeddable":true,"href":"https:\/\/www.yungayino.cl\/noticias\/index.php?rest_route=%2Fwp%2Fv2%2Fcomments&post=27876"}],"version-history":[{"count":1,"href":"https:\/\/www.yungayino.cl\/noticias\/index.php?rest_route=\/wp\/v2\/posts\/27876\/revisions"}],"predecessor-version":[{"id":27878,"href":"https:\/\/www.yungayino.cl\/noticias\/index.php?rest_route=\/wp\/v2\/posts\/27876\/revisions\/27878"}],"wp:featuredmedia":[{"embeddable":true,"href":"https:\/\/www.yungayino.cl\/noticias\/index.php?rest_route=\/wp\/v2\/media\/27877"}],"wp:attachment":[{"href":"https:\/\/www.yungayino.cl\/noticias\/index.php?rest_route=%2Fwp%2Fv2%2Fmedia&parent=27876"}],"wp:term":[{"taxonomy":"category","embeddable":true,"href":"https:\/\/www.yungayino.cl\/noticias\/index.php?rest_route=%2Fwp%2Fv2%2Fcategories&post=27876"},{"taxonomy":"post_tag","embeddable":true,"href":"https:\/\/www.yungayino.cl\/noticias\/index.php?rest_route=%2Fwp%2Fv2%2Ftags&post=27876"}],"curies":[{"name":"wp","href":"https:\/\/api.w.org\/{rel}","templated":true}]}}