{"id":27879,"date":"2023-02-23T10:00:03","date_gmt":"2023-02-23T14:00:03","guid":{"rendered":"http:\/\/www.yungayino.cl\/noticias\/?p=27879"},"modified":"2023-02-24T20:49:28","modified_gmt":"2023-02-25T00:49:28","slug":"escuela-de-verano-de-yungay-finalizo-sus-actividades","status":"publish","type":"post","link":"https:\/\/www.yungayino.cl\/noticias\/?p=27879","title":{"rendered":"Escuela de Verano de Yungay Finaliz\u00f3 sus Actividades"},"content":{"rendered":"<p><img loading=\"lazy\" decoding=\"async\" class=\"alignnone wp-image-27880 size-full\" src=\"http:\/\/www.yungayino.cl\/noticias\/wp-content\/uploads\/2023\/02\/cierre-escuela-de-verano.jpg\" alt=\"\" width=\"700\" height=\"350\" srcset=\"https:\/\/www.yungayino.cl\/noticias\/wp-content\/uploads\/2023\/02\/cierre-escuela-de-verano.jpg 700w, https:\/\/www.yungayino.cl\/noticias\/wp-content\/uploads\/2023\/02\/cierre-escuela-de-verano-300x150.jpg 300w\" sizes=\"auto, (max-width: 700px) 100vw, 700px\" \/><\/p>\n<p style=\"text-align: justify;\">Yungay, febrero 2023: Luego de un mes lleno de risas, juegos y aprendizaje, los ni\u00f1os y ni\u00f1as de la escuela de verano dijeron adi\u00f3s al ciclo 2023.<\/p>\n<p style=\"text-align: justify;\">El programa Trabajos de Temporada, Centros de Cuidado Ejecuci\u00f3n 2023 fue financiado por la Peque\u00f1a Iniciativa Local del Ministerio de Desarrollo Social y Familia y por recursos municipales.<\/p>\n<p style=\"text-align: justify;\">Este a\u00f1o fueron 50 ni\u00f1os los que formaron nuevas amistades, aprendieron y participaron de diversas actividades recreativas y deportivas durante este divertido verano.<\/p>\n<p style=\"text-align: justify;\">El alcalde Rafael Cifuentes Rodr\u00edguez junto a la directora de Desarrollo Comunitario, Pamela Jelves Acu\u00f1a, la encargada, Susana Toro Pinilla y profesionales del programa compartieron con los ni\u00f1os y ni\u00f1as la \u00faltima jornada de actividades, en la cual rieron y disfrutaron de juegos, inflables, pintacaritas, actividades deportivas y una agradable tarde de piscina.<\/p>\n<p style=\"text-align: justify;\">\u201cEstoy muy contento de compartir parte de esta jornada con los ni\u00f1os y ni\u00f1as, tambi\u00e9n estoy agradecido del compromiso del Ministerio de Desarrollo Social y Familia, que nos ha permitido aumentar la cantidad de beneficiados este a\u00f1o, adem\u00e1s gracias a este programa hemos logrado apoyar al desarrollo de la econom\u00eda de nuestras familias yungayinas\u201d coment\u00f3 el alcalde.<\/p>\n<p style=\"text-align: justify;\">En la instancia, la autoridad entreg\u00f3 a los ni\u00f1os y ni\u00f1as un set de vuelta a clases que inclu\u00eda \u00fatiles escolares, mascarillas y juegos did\u00e1cticos sobre mitos y leyendas de \u00d1uble.<\/p>\n","protected":false},"excerpt":{"rendered":"<p>Yungay, febrero 2023: Luego de un mes lleno de risas, juegos y aprendizaje, los ni\u00f1os y ni\u00f1as de la escuela de verano dijeron adi\u00f3s al ciclo 2023. El programa Trabajos de Temporada, Centros de&#46;&#46;&#46;<\/p>\n","protected":false},"author":2,"featured_media":27880,"comment_status":"closed","ping_status":"open","sticky":false,"template":"","format":"standard","meta":{"footnotes":""},"categories":[1],"tags":[638,1115,8,6,117],"class_list":["post-27879","post","type-post","status-publish","format-standard","has-post-thumbnail","hentry","category-noticias","tag-escuela-de-verano","tag-noticias","tag-yungay","tag-yungayino","tag-yungayinocl"],"_links":{"self":[{"href":"https:\/\/www.yungayino.cl\/noticias\/index.php?rest_route=\/wp\/v2\/posts\/27879","targetHints":{"allow":["GET"]}}],"collection":[{"href":"https:\/\/www.yungayino.cl\/noticias\/index.php?rest_route=\/wp\/v2\/posts"}],"about":[{"href":"https:\/\/www.yungayino.cl\/noticias\/index.php?rest_route=\/wp\/v2\/types\/post"}],"author":[{"embeddable":true,"href":"https:\/\/www.yungayino.cl\/noticias\/index.php?rest_route=\/wp\/v2\/users\/2"}],"replies":[{"embeddable":true,"href":"https:\/\/www.yungayino.cl\/noticias\/index.php?rest_route=%2Fwp%2Fv2%2Fcomments&post=27879"}],"version-history":[{"count":1,"href":"https:\/\/www.yungayino.cl\/noticias\/index.php?rest_route=\/wp\/v2\/posts\/27879\/revisions"}],"predecessor-version":[{"id":27881,"href":"https:\/\/www.yungayino.cl\/noticias\/index.php?rest_route=\/wp\/v2\/posts\/27879\/revisions\/27881"}],"wp:featuredmedia":[{"embeddable":true,"href":"https:\/\/www.yungayino.cl\/noticias\/index.php?rest_route=\/wp\/v2\/media\/27880"}],"wp:attachment":[{"href":"https:\/\/www.yungayino.cl\/noticias\/index.php?rest_route=%2Fwp%2Fv2%2Fmedia&parent=27879"}],"wp:term":[{"taxonomy":"category","embeddable":true,"href":"https:\/\/www.yungayino.cl\/noticias\/index.php?rest_route=%2Fwp%2Fv2%2Fcategories&post=27879"},{"taxonomy":"post_tag","embeddable":true,"href":"https:\/\/www.yungayino.cl\/noticias\/index.php?rest_route=%2Fwp%2Fv2%2Ftags&post=27879"}],"curies":[{"name":"wp","href":"https:\/\/api.w.org\/{rel}","templated":true}]}}