{"id":27905,"date":"2023-03-03T07:00:12","date_gmt":"2023-03-03T11:00:12","guid":{"rendered":"http:\/\/www.yungayino.cl\/noticias\/?p=27905"},"modified":"2023-03-02T13:15:55","modified_gmt":"2023-03-02T17:15:55","slug":"heroes-del-reciclaje-seremi-del-medio-ambiente-nuble-conmemora-el-dia-mundial-del-reciclador-de-base","status":"publish","type":"post","link":"https:\/\/www.yungayino.cl\/noticias\/?p=27905","title":{"rendered":"H\u00e9roes del Reciclaje: Seremi del Medio Ambiente \u00d1uble Conmemora el D\u00eda Mundial del Reciclador de Base"},"content":{"rendered":"<p><img loading=\"lazy\" decoding=\"async\" class=\"alignnone wp-image-27906 size-full\" src=\"http:\/\/www.yungayino.cl\/noticias\/wp-content\/uploads\/2023\/03\/heroes-reciclaje.jpg\" alt=\"\" width=\"700\" height=\"350\" srcset=\"https:\/\/www.yungayino.cl\/noticias\/wp-content\/uploads\/2023\/03\/heroes-reciclaje.jpg 700w, https:\/\/www.yungayino.cl\/noticias\/wp-content\/uploads\/2023\/03\/heroes-reciclaje-300x150.jpg 300w\" sizes=\"auto, (max-width: 700px) 100vw, 700px\" \/><\/p>\n<p style=\"text-align: justify;\">Marzo 2023: Seg\u00fan cifras de la Organizaci\u00f3n Internacional del Trabajo (OIT), existen m\u00e1s de 20 millones de personas que se dedican al reciclaje en el mundo. En Chile esta agrupaci\u00f3n convoca a 5.000 recicladores, pero se estima que son m\u00e1s de 60.000 a nivel nacional.<\/p>\n<p style=\"text-align: justify;\">En el D\u00eda Mundial del Reciclador de Base, la Seremi de Medio Ambiente \u00d1uble reconoci\u00f3 su importante labor a trav\u00e9s de un encuentro que los convoc\u00f3 y los reuni\u00f3 con autoridades regionales y actores clave dentro de \u00d1uble.<\/p>\n<p style=\"text-align: justify;\">En la actividad, realizada en la Junta de Vecinos El Esfuerzo de Chillan, se entregaron poleras, pantalones cargo y trajes resistentes al agua donados por la empresa Volta Ecobio, adem\u00e1s, la instancia permiti\u00f3 intercambiar experiencias y recoger opiniones respecto a su trabajo y la importancia de una labor, para muchos, desconocida. \u201cSon 50 Recicladores de Base catastrados en la Regi\u00f3n, quienes recorren d\u00eda a d\u00eda las calles en busca de material reciclable para su posterior valorizaci\u00f3n, por lo tanto, hoy conmemoramos su d\u00eda y les convocamos para potenciar el oficio de reciclar en un pa\u00eds en donde se estima que cada ciudadano genera diariamente 1 kilos de residuos domiciliarios\u201d, sostuvo Mario Rivas, Seremi del Medio Ambiente \u00d1uble.<\/p>\n<p style=\"text-align: justify;\">\u201cPara poder consolidar una Econom\u00eda Circular en \u00d1uble de la mano con la inclusi\u00f3n social, trabajamos en profesionalizar este oficio a trav\u00e9s de la Certificaci\u00f3n de sus competencias laborales para que puedan ser actores claves en los Sistemas de Gesti\u00f3n de Residuos que se empiezan a implementar a partir de este a\u00f1o en \u00d1uble con Puntos de Reciclaje en Chillan y Quill\u00f3n, en el marco de la Ley REP\u201d, agreg\u00f3.<\/p>\n<p style=\"text-align: justify;\">Por su parte, la Seremi de Desarrollo Social \u00d1uble, Marta Carvajal, se mostr\u00f3 satisfecha al poder compartir estas instancias nuevamente. \u201cEstamos contentos de volver a encontrarnos, despu\u00e9s de habernos visto con su presidenta nacional en diciembre, hoy vemos que se dan estos primeros pasos que son significativos para la real dignificaci\u00f3n que debemos darles a estos trabajadores\u201d, sostuvo.<\/p>\n<p style=\"text-align: justify;\">Estas palabras fueron respaldadas por la Seremi Vocera de Gobierno, Valentina Pradenas, quien destac\u00f3 la importancia su oficio y agreg\u00f3 que \u201cel compromiso es seguir avanzando en dignificar esta labor y aportar desde sus espacios a trabajar en conjunto para crear pol\u00edticas p\u00fablicas en su beneficio y con un sentido de pertenencia\u201d.<\/p>\n<p style=\"text-align: justify;\">Es que los Recicladores de Base de \u00d1uble han dado pasos importantes, constituy\u00e9ndose como una organizaci\u00f3n que agrupa a distintos recicladores desde los tradicionales \u201ccartoneros\u201d a \u201cchatarreros\u201d.<\/p>\n<p style=\"text-align: justify;\">Al respecto, Rolando Riquelme, presidente de la Agrupaci\u00f3n de Recicladores de Base de \u00d1uble, a\u00f1adi\u00f3: \u201cEs bueno que se nos reconozca, ya que somos nosotros quienes nos llevamos el trabajo pesado. Hablo en representaci\u00f3n de todos en decir que nos sentimos alagados que nuestro esfuerzo y lo que hacemos por la comunidad sea reconocido junto al apoyo de nuestras autoridades\u201d.<\/p>\n<p style=\"text-align: justify;\">Cabe destacar que los recicladores de base tuvieron un destacado rol durante los incendios forestales ocurridos en la Regi\u00f3n, al encargarse de retirar, segregar y valorizar los residuos met\u00e1licos, logrando que estos no llegaran a lugares con ecosistemas de alto valor de conservaci\u00f3n como humedales, r\u00edos, quebradas o \u00e1reas protegidas.<\/p>\n<p style=\"text-align: justify;\">Apoyo a Recicladores de Base<\/p>\n<p style=\"text-align: justify;\">La seremi de Medio Ambiente \u00d1uble financi\u00f3 el Fondo para el Reciclaje Exequiel Estay, ejecutado por la Municipalidad de Chill\u00e1n, con el que se ha podido apoyar a 10 de ellos con triciclos nuevos, capacitaci\u00f3n y elementos de protecci\u00f3n personal.<\/p>\n<p style=\"text-align: justify;\">Por su importancia, organismos del Estado como el Ministerio de Desarrollo Social han financiado proyectos para apoyar su capacitaci\u00f3n, equipamiento y certificaci\u00f3n de competencias a trav\u00e9s de distintos colaboradores como Fundaci\u00f3n El \u00c1rbol.<\/p>\n","protected":false},"excerpt":{"rendered":"<p>Marzo 2023: Seg\u00fan cifras de la Organizaci\u00f3n Internacional del Trabajo (OIT), existen m\u00e1s de 20 millones de personas que se dedican al reciclaje en el mundo. En Chile esta agrupaci\u00f3n convoca a 5.000 recicladores,&#46;&#46;&#46;<\/p>\n","protected":false},"author":2,"featured_media":27906,"comment_status":"closed","ping_status":"open","sticky":false,"template":"","format":"standard","meta":{"footnotes":""},"categories":[1],"tags":[904,1115,1678,8,6,117],"class_list":["post-27905","post","type-post","status-publish","format-standard","has-post-thumbnail","hentry","category-noticias","tag-medio-ambiente","tag-noticias","tag-nuble","tag-yungay","tag-yungayino","tag-yungayinocl"],"_links":{"self":[{"href":"https:\/\/www.yungayino.cl\/noticias\/index.php?rest_route=\/wp\/v2\/posts\/27905","targetHints":{"allow":["GET"]}}],"collection":[{"href":"https:\/\/www.yungayino.cl\/noticias\/index.php?rest_route=\/wp\/v2\/posts"}],"about":[{"href":"https:\/\/www.yungayino.cl\/noticias\/index.php?rest_route=\/wp\/v2\/types\/post"}],"author":[{"embeddable":true,"href":"https:\/\/www.yungayino.cl\/noticias\/index.php?rest_route=\/wp\/v2\/users\/2"}],"replies":[{"embeddable":true,"href":"https:\/\/www.yungayino.cl\/noticias\/index.php?rest_route=%2Fwp%2Fv2%2Fcomments&post=27905"}],"version-history":[{"count":3,"href":"https:\/\/www.yungayino.cl\/noticias\/index.php?rest_route=\/wp\/v2\/posts\/27905\/revisions"}],"predecessor-version":[{"id":27909,"href":"https:\/\/www.yungayino.cl\/noticias\/index.php?rest_route=\/wp\/v2\/posts\/27905\/revisions\/27909"}],"wp:featuredmedia":[{"embeddable":true,"href":"https:\/\/www.yungayino.cl\/noticias\/index.php?rest_route=\/wp\/v2\/media\/27906"}],"wp:attachment":[{"href":"https:\/\/www.yungayino.cl\/noticias\/index.php?rest_route=%2Fwp%2Fv2%2Fmedia&parent=27905"}],"wp:term":[{"taxonomy":"category","embeddable":true,"href":"https:\/\/www.yungayino.cl\/noticias\/index.php?rest_route=%2Fwp%2Fv2%2Fcategories&post=27905"},{"taxonomy":"post_tag","embeddable":true,"href":"https:\/\/www.yungayino.cl\/noticias\/index.php?rest_route=%2Fwp%2Fv2%2Ftags&post=27905"}],"curies":[{"name":"wp","href":"https:\/\/api.w.org\/{rel}","templated":true}]}}