{"id":27914,"date":"2023-03-07T07:00:46","date_gmt":"2023-03-07T11:00:46","guid":{"rendered":"http:\/\/www.yungayino.cl\/noticias\/?p=27914"},"modified":"2023-03-02T13:20:54","modified_gmt":"2023-03-02T17:20:54","slug":"gobernador-crisostomo-y-mision-de-la-onu-abordan-medidas-de-respuesta-recuperacion-y-planificacion-frente-a-las-emergencias","status":"publish","type":"post","link":"https:\/\/www.yungayino.cl\/noticias\/?p=27914","title":{"rendered":"Gobernador Cris\u00f3stomo y Misi\u00f3n de la ONU Abordan Medidas de Respuesta, Recuperaci\u00f3n y Planificaci\u00f3n Frente a las Emergencias"},"content":{"rendered":"<p><img loading=\"lazy\" decoding=\"async\" class=\"alignnone wp-image-27916 size-full\" src=\"http:\/\/www.yungayino.cl\/noticias\/wp-content\/uploads\/2023\/03\/mision-onu-1.jpg\" alt=\"\" width=\"700\" height=\"350\" srcset=\"https:\/\/www.yungayino.cl\/noticias\/wp-content\/uploads\/2023\/03\/mision-onu-1.jpg 700w, https:\/\/www.yungayino.cl\/noticias\/wp-content\/uploads\/2023\/03\/mision-onu-1-300x150.jpg 300w\" sizes=\"auto, (max-width: 700px) 100vw, 700px\" \/><\/p>\n<p style=\"text-align: justify;\">Marzo 2023: Representantes de Naciones Unidas, la FAO, UNICEF, entre otros organismos internacionales, se reunieron con el equipo del Gobierno Regional, para sumar su experiencia en gesti\u00f3n y recuperaci\u00f3n frente a cat\u00e1strofes, enfocada principalmente en los recientes incendios forestales.<\/p>\n<p style=\"text-align: justify;\">Planificaci\u00f3n territorial, fortalecimiento de las instituciones encargadas de la gesti\u00f3n de riesgos y la recuperaci\u00f3n productiva que fue afectada por los incendios forestales, fueron los temas tratados en una reuni\u00f3n entre el Gobernador Regional de \u00d1uble, \u00d3scar Cris\u00f3stomo, y la\u00a0 Coordinadora Residente de Naciones Unidas en Chile, Mar\u00eda Jos\u00e9 Torres, acompa\u00f1ada de representantes de\u00a0 diferentes organismos internacionales como la FAO, UNICEF, el departamento de Seguridad de la ONU y OMS, entre otros.\u00a0 En la instancia tambi\u00e9n estuvieron presentes los Jefes de Divisi\u00f3n del Gobierno Regional, quienes est\u00e1n trabajando en diversas l\u00edneas en torno a la recuperaci\u00f3n de la regi\u00f3n post emergencia.<\/p>\n<p style=\"text-align: justify;\">Junto con agradecer la presencia de la misi\u00f3n ONU en la Regi\u00f3n de \u00d1uble, el Gobernador Cris\u00f3stomo detall\u00f3 que sostuvieron un intercambio de opiniones en tres grandes \u00e1reas frente a la emergencia, \u201cla primera tiene que ver con c\u00f3mo nuestro pa\u00eds y nuestras regiones est\u00e1n preparadas para enfrentar la gesti\u00f3n de riesgo y las brechas que actualmente existen (\u2026) es importante fortalecer, con una mirada m\u00e1s transversal, que nos permita tener equipos con mayor expertiz para la toma de decisiones, lo que se suma a lo que hemos llamado la gobernanza en la gesti\u00f3n del riesgo. Hemos tenido una postura muy clara hace muchos meses atr\u00e1s, que el Cogrid, que es esa institucionalidad en esta materia, deber\u00eda ser liderada por los Gobiernos Regionales\u201d.<\/p>\n<p style=\"text-align: justify;\">En segundo t\u00e9rmino, explic\u00f3 la autoridad regional, conversamos sobre \u201cc\u00f3mo fortalecemos la planificaci\u00f3n urbana, los planes reguladores de las comunas, y c\u00f3mo trabajamos las zonas intermedias entre lo urbano y lo rural; c\u00f3mo instrumentos que est\u00e1n en Contralor\u00eda por ejemplo el el PROT, salen fortalecidos para que tengamos una vinculaci\u00f3n p\u00fablico- privada para regular nuestras zonas rurales\u201d. Finalmente, como tercera dimensi\u00f3n, se abord\u00f3 el tema productivo, \u201crecordemos que los incendios han afectado al territorio m\u00e1s vulnerable que tiene nuestra regi\u00f3n, y hay personas que en ese marco est\u00e1n m\u00e1s desamparadas, como nuestros adultos mayores, las mujeres jefas de hogar. Estamos tratando de sumar esfuerzos para poder tener mayor gesti\u00f3n de respuesta, una mejor recuperaci\u00f3n y una mejor planificaci\u00f3n\u201d acot\u00f3 el Gobernador.<\/p>\n<p style=\"text-align: justify;\">La misi\u00f3n de la ONU<\/p>\n<p style=\"text-align: justify;\">Como una conversaci\u00f3n muy franca calific\u00f3 la Coordinadora Residente de Naciones Unidas en Chile, Mar\u00eda Jos\u00e9 Torres, la reuni\u00f3n con el equipo del Gobierno Regional, quien expres\u00f3 su solidaridad \u201ccon todas las personas que se han visto afectadas con este incendio; porque a veces se nos olvida que detr\u00e1s de cada casa y terreno que se quem\u00f3, hay toda una historia de familias, de personas que est\u00e1n afectadas. La emergencia nos ha permitido correr ese manto de fragilidades que no se ve\u00edan antes, entonces expresamos nuestra solidaridad muy sinceramente. Estamos viendo junto con las distintas instancias del Estado de Chile, c\u00f3mo encontrar los puntos de aprendizaje y de mejora y c\u00f3mo el sistema de Naciones Unidas acompa\u00f1a en ese esfuerzo\u201d.<\/p>\n<p style=\"text-align: justify;\">Mar\u00eda Jos\u00e9 Torres, subray\u00f3 que \u201chemos notado que ha habido un gran avance en t\u00e9rminos de gesti\u00f3n de incendios frente al 2017, se incorporaron muchas de las lecciones que se aprendieron en ese momento, aunque yo creo que, como se\u00f1alaba el Gobernador, parte de la conversaci\u00f3n ha sido ver c\u00f3mo le damos esa cara humana a la respuesta al desastre tanto en la emergencia como en la recuperaci\u00f3n. (\u2026) Hay que dar unas alternativas que va m\u00e1s all\u00e1 del acompa\u00f1amiento y apoyo y eso solamente se puede hacer en clave del desarrollo territorial, entonces estamos muy contentos como equipo de poderles acompa\u00f1ar en estos desaf\u00edos que no son f\u00e1ciles\u201d.\u00a0 La Coordinadora Residente, finaliz\u00f3 poniendo \u201ca disposici\u00f3n toda la capacidad del sistema de Naciones Unidas en temas de salud, de igualdad de g\u00e9nero, de planificaci\u00f3n y con los que tiene que ver con derechos laborales, empleos que sean decentes para hacer la diferencia en la vida de la gente que es lo que importa\u201d.<\/p>\n<p style=\"text-align: justify;\">La misi\u00f3n de la ONU recorri\u00f3 las comunas de Ninhue y Quill\u00f3n en \u00d1uble y su visita se enmarca en una gira que han coordinado en Maule, \u00d1uble y Biob\u00edo.<\/p>\n","protected":false},"excerpt":{"rendered":"<p>Marzo 2023: Representantes de Naciones Unidas, la FAO, UNICEF, entre otros organismos internacionales, se reunieron con el equipo del Gobierno Regional, para sumar su experiencia en gesti\u00f3n y recuperaci\u00f3n frente a cat\u00e1strofes, enfocada principalmente&#46;&#46;&#46;<\/p>\n","protected":false},"author":2,"featured_media":27916,"comment_status":"closed","ping_status":"open","sticky":false,"template":"","format":"standard","meta":{"footnotes":""},"categories":[1],"tags":[1115,1678,2761,8,6,117],"class_list":["post-27914","post","type-post","status-publish","format-standard","has-post-thumbnail","hentry","category-noticias","tag-noticias","tag-nuble","tag-onu","tag-yungay","tag-yungayino","tag-yungayinocl"],"_links":{"self":[{"href":"https:\/\/www.yungayino.cl\/noticias\/index.php?rest_route=\/wp\/v2\/posts\/27914","targetHints":{"allow":["GET"]}}],"collection":[{"href":"https:\/\/www.yungayino.cl\/noticias\/index.php?rest_route=\/wp\/v2\/posts"}],"about":[{"href":"https:\/\/www.yungayino.cl\/noticias\/index.php?rest_route=\/wp\/v2\/types\/post"}],"author":[{"embeddable":true,"href":"https:\/\/www.yungayino.cl\/noticias\/index.php?rest_route=\/wp\/v2\/users\/2"}],"replies":[{"embeddable":true,"href":"https:\/\/www.yungayino.cl\/noticias\/index.php?rest_route=%2Fwp%2Fv2%2Fcomments&post=27914"}],"version-history":[{"count":2,"href":"https:\/\/www.yungayino.cl\/noticias\/index.php?rest_route=\/wp\/v2\/posts\/27914\/revisions"}],"predecessor-version":[{"id":27918,"href":"https:\/\/www.yungayino.cl\/noticias\/index.php?rest_route=\/wp\/v2\/posts\/27914\/revisions\/27918"}],"wp:featuredmedia":[{"embeddable":true,"href":"https:\/\/www.yungayino.cl\/noticias\/index.php?rest_route=\/wp\/v2\/media\/27916"}],"wp:attachment":[{"href":"https:\/\/www.yungayino.cl\/noticias\/index.php?rest_route=%2Fwp%2Fv2%2Fmedia&parent=27914"}],"wp:term":[{"taxonomy":"category","embeddable":true,"href":"https:\/\/www.yungayino.cl\/noticias\/index.php?rest_route=%2Fwp%2Fv2%2Fcategories&post=27914"},{"taxonomy":"post_tag","embeddable":true,"href":"https:\/\/www.yungayino.cl\/noticias\/index.php?rest_route=%2Fwp%2Fv2%2Ftags&post=27914"}],"curies":[{"name":"wp","href":"https:\/\/api.w.org\/{rel}","templated":true}]}}