{"id":27924,"date":"2023-03-07T17:00:02","date_gmt":"2023-03-07T21:00:02","guid":{"rendered":"http:\/\/www.yungayino.cl\/noticias\/?p=27924"},"modified":"2023-03-07T17:31:37","modified_gmt":"2023-03-07T21:31:37","slug":"gobernadores-de-nuble-biobio-y-la-araucania-solicitan-audiencia-al-presidente-boric-para-agilizar-medidas-de-reconstruccion-y-enfrentar-desde-las-regiones-futuras-emergencias","status":"publish","type":"post","link":"https:\/\/www.yungayino.cl\/noticias\/?p=27924","title":{"rendered":"Gobernadores de \u00d1uble, Biob\u00edo y la Araucan\u00eda Solicitan Audiencia al Presidente Boric Para Agilizar Medidas de Reconstrucci\u00f3n y Enfrentar Desde las Regiones Futuras Emergencias"},"content":{"rendered":"<p><img loading=\"lazy\" decoding=\"async\" class=\"alignnone wp-image-27925 size-full\" src=\"http:\/\/www.yungayino.cl\/noticias\/wp-content\/uploads\/2023\/03\/gobernadores-con-presidente.jpg\" alt=\"\" width=\"700\" height=\"350\" srcset=\"https:\/\/www.yungayino.cl\/noticias\/wp-content\/uploads\/2023\/03\/gobernadores-con-presidente.jpg 700w, https:\/\/www.yungayino.cl\/noticias\/wp-content\/uploads\/2023\/03\/gobernadores-con-presidente-300x150.jpg 300w\" sizes=\"auto, (max-width: 700px) 100vw, 700px\" \/><\/p>\n<p style=\"text-align: justify;\">Marzo 2023: Luego de la reuni\u00f3n que sostuvieron el Gobierno Regional de \u00d1uble, hicieron un llamado para que las viviendas de emergencia sean instaladas con conexi\u00f3n a luz, agua y servicios sanitarios y se mantenga el Estado de Cat\u00e1strofe de las regiones afectadas.<\/p>\n<p style=\"text-align: justify;\">Fueron varias las conclusiones de la reuni\u00f3n que sostuvieron esta ma\u00f1ana los gobernadores de \u00d1uble, \u00d3scar Cris\u00f3stomo; del Biob\u00edo, Rodrigo D\u00edaz y de La Araucan\u00eda, Luciano Rivas respecto a c\u00f3mo enfrentar las emergencias y agilizar el proceso de reconstrucci\u00f3n y recuperaci\u00f3n luego de los incendios forestales.<\/p>\n<p style=\"text-align: justify;\">Fue en el Gobierno Regional de \u00d1uble, donde se dieron cita las autoridades, quienes junto con conocer los mecanismos para enfrentar la crisis que cada uno de los territorios adopt\u00f3, analizaron las alternativas para dar una r\u00e1pida respuesta a los damnificados.<\/p>\n<p style=\"text-align: justify;\">Al finalizar la jornada, el Gobernador Cris\u00f3stomo, se\u00f1al\u00f3 que \u201cen este nuevo ciclo que se inicia es importante se\u00f1alar que, as\u00ed como hemos estado colaborando desde el primer d\u00eda, tambi\u00e9n vamos a ser contraparte, para que las medidas que se han anunciado y las que faltan por anunciar, tengan un seguimiento estricto para su cumplimiento\u201d.\u00a0 En relaci\u00f3n a la emergencia, Cris\u00f3stomo sostuvo que \u201clos ministerios respectivos no estaban preparados para poder responder a esta calamidad que hemos enfrentado, eso es algo palpable, evidente y desde los Gobiernos Regionales estamos disponibles para colaborar porque somos nosotros quienes tenemos la primera evidencia de c\u00f3mo enfrentar estas emergencias. (\u2026) Creo que el Cogrid y cualquier instituci\u00f3n que quiera responder frente a la gesti\u00f3n de riesgo, debe tener una gobernanza que tiene que estar dirigida por los gobiernos regionales\u201d.<\/p>\n<p style=\"text-align: justify;\">Respecto a la reconstrucci\u00f3n, el Gobernador de \u00d1uble subray\u00f3 que \u201cnecesitamos que las viviendas de emergencia est\u00e9n habitables, eso implica que tengan agua potable, energ\u00eda y una soluci\u00f3n sanitaria para que las familias las puedan habitar y con eso cerrar esta primera etapa\u201d.<\/p>\n<p style=\"text-align: justify;\">Finalmente, adelant\u00f3 que \u201cvamos solicitar hoy de manera formal al Presidente de la Rep\u00fablica que pueda recibir las tres regiones en conjunto, para conversar el contexto de la emergencia y tambi\u00e9n para ver medidas que nos permitan planificar mejor el combate de estos escenarios; pero tambi\u00e9n para planificar nuestros territorios. Encontramos necesario que se mantenga el Estado de Cat\u00e1strofe de las regiones afectadas, y creemos que la excepci\u00f3n constitucional ha permitido tener mayor eficiencia, recursos y seguridad a las regiones\u201d.<\/p>\n<p style=\"text-align: justify;\">Temporeros de los incendios<\/p>\n<p style=\"text-align: justify;\">Por su parte, el Gobernador del Biob\u00edo, Rodrigo D\u00edaz, coment\u00f3 que esta ha sido una \u201cconversaci\u00f3n que hemos tenido los tres gobiernos regionales, donde hemos compartido las pr\u00e1cticas utilizadas, tanto para cooperar en los senos de cada uno de los COGRID, para que se enfrente mejor la emergencia, como tambi\u00e9n las iniciativas propias que han nacido de cada Gobierno Regional, y que hoy han sido compartidas. Yo me voy con muchos insumos a Biob\u00edo, de c\u00f3mo se ha trabajado en respuestas tempranas desde \u00d1uble y Araucan\u00eda\u201d.<\/p>\n<p style=\"text-align: justify;\">Por otra parte, expres\u00f3 D\u00edaz \u201ctenemos una visi\u00f3n cr\u00edtica respecto varios aspectos, voy a enfatizar sobre la preparaci\u00f3n para enfrentar este tipo de incendios, que se da en el contexto de cambio clim\u00e1tico, es una preparaci\u00f3n precaria del Estado de Chile, CONAF no puede seguir siendo una entidad que contrate temporeros de los incendios, pues\u00a0 los incendios ocurren m\u00e1s veces y nosotros necesitamos especializaci\u00f3n, para que CONAF tambi\u00e9n combata incendios de noche; no puede ser que solo los bomberos o los brigadistas privados o los voluntarios internacionales, sean quienes combatan de noche, necesitamos un cambio sustantivo en esa materia y quiero ser muy concreto, creo que son muy valientes y muy generosos quienes trabajan en CONAF, es un problema estructural\u201d.<\/p>\n<p style=\"text-align: justify;\">En segundo lugar, dijo \u201ctenemos una visi\u00f3n cr\u00edtica respecto de lo que est\u00e1 pasando en el proceso de la construcci\u00f3n, cuando el Gobernador Cris\u00f3stomo dice que las casas tienen que ser habitables, es evidente que las personas no van a poder ir a una media agua si no tiene soluci\u00f3n sanitaria, agua o electricidad, deben ser todas las cosas abordadas simult\u00e1neamente y no en muchos meses\u201d.<\/p>\n<p style=\"text-align: justify;\">Buscar soluciones creativas<\/p>\n<p style=\"text-align: justify;\">A su vez, el Gobernador de la Araucan\u00eda, Luciano Rivas, asegur\u00f3 que \u201cesta emergencia no ha concluido, todo lo contrario, creo que es una emergencia que viene durante los pr\u00f3ximos meses y la responsabilidad que debemos tener las autoridades, no solamente desde el nivel regional, sino que tambi\u00e9n, y es lo que queremos traspasar a nivel central, es que aqu\u00ed tiene que haber un sentido de urgencia para enfrentar esta situaci\u00f3n. (\u2026) nos hemos tenido que poner creativos para buscar soluciones para llegar r\u00e1pido y romper la burocracia estatal, en La Araucan\u00eda, lo que estamos haciendo es una alianza p\u00fablico- privada para darle soluciones definitivas a la gente en siete meses, que probablemente con el sistema normal estar\u00edan en 24 \u00f3 36 meses\u201d.<\/p>\n<p style=\"text-align: justify;\">Respecto al da\u00f1o productivo, Rivas alert\u00f3 que \u201cse nos viene un tema muy complicado y como gobiernos regionales vamos a estar ah\u00ed para seguir trabajando por nuestra gente, pero necesitamos un compromiso real de nivel central y es por eso que se hace esta solicitud al Presidente de la Rep\u00fablica, creo que la intenci\u00f3n est\u00e1, no es una competencia con el gobierno central de qui\u00e9n lo hace primero, sino que todo lo contrario, aqu\u00ed la idea es c\u00f3mo nos ayudamos, d\u00f3nde nosotros podemos ser m\u00e1s \u00e1giles\u201d.<\/p>\n<p style=\"text-align: justify;\">Finaliz\u00f3 valorando la jornada \u201cha sido absolutamente enriquecedor, yo creo que todos nos llevamos tareas para la casa para poder implementar en nuestras regiones; habla tambi\u00e9n de la generosidad y del trabajo descentralizado, y aqu\u00ed nos estamos juntando tres regiones para solucionar un problema, hacer un frente com\u00fan, y por sobre todo, ser la contraparte de las personas de nuestras regiones\u201d.<\/p>\n","protected":false},"excerpt":{"rendered":"<p>Marzo 2023: Luego de la reuni\u00f3n que sostuvieron el Gobierno Regional de \u00d1uble, hicieron un llamado para que las viviendas de emergencia sean instaladas con conexi\u00f3n a luz, agua y servicios sanitarios y se&#46;&#46;&#46;<\/p>\n","protected":false},"author":2,"featured_media":27925,"comment_status":"closed","ping_status":"open","sticky":false,"template":"","format":"standard","meta":{"footnotes":""},"categories":[1],"tags":[445,1115,1678,2763,8,6,117],"class_list":["post-27924","post","type-post","status-publish","format-standard","has-post-thumbnail","hentry","category-noticias","tag-incendios","tag-noticias","tag-nuble","tag-reconstruccion","tag-yungay","tag-yungayino","tag-yungayinocl"],"_links":{"self":[{"href":"https:\/\/www.yungayino.cl\/noticias\/index.php?rest_route=\/wp\/v2\/posts\/27924","targetHints":{"allow":["GET"]}}],"collection":[{"href":"https:\/\/www.yungayino.cl\/noticias\/index.php?rest_route=\/wp\/v2\/posts"}],"about":[{"href":"https:\/\/www.yungayino.cl\/noticias\/index.php?rest_route=\/wp\/v2\/types\/post"}],"author":[{"embeddable":true,"href":"https:\/\/www.yungayino.cl\/noticias\/index.php?rest_route=\/wp\/v2\/users\/2"}],"replies":[{"embeddable":true,"href":"https:\/\/www.yungayino.cl\/noticias\/index.php?rest_route=%2Fwp%2Fv2%2Fcomments&post=27924"}],"version-history":[{"count":2,"href":"https:\/\/www.yungayino.cl\/noticias\/index.php?rest_route=\/wp\/v2\/posts\/27924\/revisions"}],"predecessor-version":[{"id":27927,"href":"https:\/\/www.yungayino.cl\/noticias\/index.php?rest_route=\/wp\/v2\/posts\/27924\/revisions\/27927"}],"wp:featuredmedia":[{"embeddable":true,"href":"https:\/\/www.yungayino.cl\/noticias\/index.php?rest_route=\/wp\/v2\/media\/27925"}],"wp:attachment":[{"href":"https:\/\/www.yungayino.cl\/noticias\/index.php?rest_route=%2Fwp%2Fv2%2Fmedia&parent=27924"}],"wp:term":[{"taxonomy":"category","embeddable":true,"href":"https:\/\/www.yungayino.cl\/noticias\/index.php?rest_route=%2Fwp%2Fv2%2Fcategories&post=27924"},{"taxonomy":"post_tag","embeddable":true,"href":"https:\/\/www.yungayino.cl\/noticias\/index.php?rest_route=%2Fwp%2Fv2%2Ftags&post=27924"}],"curies":[{"name":"wp","href":"https:\/\/api.w.org\/{rel}","templated":true}]}}