{"id":27932,"date":"2023-03-09T07:00:04","date_gmt":"2023-03-09T11:00:04","guid":{"rendered":"http:\/\/www.yungayino.cl\/noticias\/?p=27932"},"modified":"2023-03-07T17:36:03","modified_gmt":"2023-03-07T21:36:03","slug":"54-municipios-afectados-por-los-incendios-forestales-comenzaron-a-recibir-recursos-de-apoyo-del-gobierno","status":"publish","type":"post","link":"https:\/\/www.yungayino.cl\/noticias\/?p=27932","title":{"rendered":"54 Municipios Afectados por los Incendios Forestales Comenzaron a Recibir Recursos de Apoyo del Gobierno"},"content":{"rendered":"<p><img loading=\"lazy\" decoding=\"async\" class=\"alignnone wp-image-27933 size-full\" src=\"http:\/\/www.yungayino.cl\/noticias\/wp-content\/uploads\/2023\/03\/54-municipios.jpg\" alt=\"\" width=\"700\" height=\"351\" srcset=\"https:\/\/www.yungayino.cl\/noticias\/wp-content\/uploads\/2023\/03\/54-municipios.jpg 700w, https:\/\/www.yungayino.cl\/noticias\/wp-content\/uploads\/2023\/03\/54-municipios-300x150.jpg 300w, https:\/\/www.yungayino.cl\/noticias\/wp-content\/uploads\/2023\/03\/54-municipios-299x150.jpg 299w\" sizes=\"auto, (max-width: 700px) 100vw, 700px\" \/><\/p>\n<p style=\"text-align: justify;\">Marzo 2023: De acuerdo a lo comprometido, 54 municipios de las regiones de \u00d1uble, Biob\u00edo y La Araucan\u00eda afectados por los incendios forestales comenzaron a recibir los recursos del fondo de apoyo que tiene como finalidad reembolsar los gastos extraordinarios en que han incurrido o deban realizar las municipalidades para atender las necesidades urgentes en torno a la prevenci\u00f3n del fuego y atenci\u00f3n de las y los afectados, tales como las ayudas directas para las personas damnificadas en alimentaci\u00f3n, elementos de aseo, de abrigo, de protecci\u00f3n personal y reposici\u00f3n de bienes perdidos; equipamiento para los albergues; contrataci\u00f3n de servicios para el despeje de escombros; servicios para el apoyo log\u00edstico de brigadistas y bomberos; entre otros.<\/p>\n<p style=\"text-align: justify;\">Este fondo de apoyo para municipios afectados por los incendios forestales considera la asignaci\u00f3n de recursos a las comunas que tengan al menos una Ficha B\u00e1sica de Emergencia terminada o m\u00e1s de 100 hect\u00e1reas afectadas de acuerdo con la informaci\u00f3n del Ministerio de Desarrollo Social y de la Conaf. En cuanto a los montos y su distribuci\u00f3n, se estableci\u00f3 un piso m\u00ednimo de $20 millones por comuna afectada y un monto adicional que considera dos variables: el porcentaje de poblaci\u00f3n afectada de la comuna y el porcentaje de superficie afectada de la comuna. El total del fondo alcanza los $3.000 millones.<\/p>\n<p style=\"text-align: justify;\">\u2018\u2019Estuvimos recorriendo los territorios afectados, acompa\u00f1ando a los alcaldes y alcaldesas que vieron m\u00e1s da\u00f1adas sus comunas, y en conjunto con los municipios abordamos las acciones a seguir. Mediante este fondo, cumplimos con lo comprometido, y ponemos a disposici\u00f3n de los municipios afectados recursos para poder recuperar aquello que tuvieron o tendr\u00e1n que gastar en respuesta a la emergencia\u201d, destac\u00f3 el subsecretario de Desarrollo Regional y Administrativo, Nicol\u00e1s Cataldo.<\/p>\n<p style=\"text-align: justify;\">54 municipios que comenzaron a recibir estos recursos<\/p>\n<p style=\"text-align: justify;\">Regi\u00f3n de \u00d1uble: Chill\u00e1n, Chill\u00e1n Viejo, Cobquecura, Coelemu, El Carmen, Ninhue, Pemuco, Portezuelo, Quill\u00f3n, Quirihue, R\u00e1nquil, San Carlos, Trehuaco, Yungay.<\/p>\n<p style=\"text-align: justify;\">Regi\u00f3n del Biob\u00edo: Alto Biob\u00edo, Arauco, Cabrero, Ca\u00f1ete, Concepci\u00f3n, Contulmo, Coronel, Florida, Hualqui, Laja, Los \u00c1ngeles, Lota, Mulch\u00e9n, Nacimiento, Negrete, Penco, Quilleco, San Pedro de La Paz, San Rosendo, Santa B\u00e1rbara, Santa Juana, Tom\u00e9, Yumbel.<\/p>\n<p style=\"text-align: justify;\">Regi\u00f3n de La Araucan\u00eda: Angol, Cholchol, Collipulli, Ercilla, Freire, Galvarino, Lautaro, Los Sauces, Lumaco, Nueva Imperial, Pur\u00e9n, Renaico, Temuco, Teodoro Schmidt, Traigu\u00e9n, Victoria, Vilc\u00fan.<\/p>\n","protected":false},"excerpt":{"rendered":"<p>Marzo 2023: De acuerdo a lo comprometido, 54 municipios de las regiones de \u00d1uble, Biob\u00edo y La Araucan\u00eda afectados por los incendios forestales comenzaron a recibir los recursos del fondo de apoyo que tiene&#46;&#46;&#46;<\/p>\n","protected":false},"author":2,"featured_media":27933,"comment_status":"closed","ping_status":"open","sticky":false,"template":"","format":"standard","meta":{"footnotes":""},"categories":[1],"tags":[128,1115,8,6,117],"class_list":["post-27932","post","type-post","status-publish","format-standard","has-post-thumbnail","hentry","category-noticias","tag-incendios-forestales","tag-noticias","tag-yungay","tag-yungayino","tag-yungayinocl"],"_links":{"self":[{"href":"https:\/\/www.yungayino.cl\/noticias\/index.php?rest_route=\/wp\/v2\/posts\/27932","targetHints":{"allow":["GET"]}}],"collection":[{"href":"https:\/\/www.yungayino.cl\/noticias\/index.php?rest_route=\/wp\/v2\/posts"}],"about":[{"href":"https:\/\/www.yungayino.cl\/noticias\/index.php?rest_route=\/wp\/v2\/types\/post"}],"author":[{"embeddable":true,"href":"https:\/\/www.yungayino.cl\/noticias\/index.php?rest_route=\/wp\/v2\/users\/2"}],"replies":[{"embeddable":true,"href":"https:\/\/www.yungayino.cl\/noticias\/index.php?rest_route=%2Fwp%2Fv2%2Fcomments&post=27932"}],"version-history":[{"count":2,"href":"https:\/\/www.yungayino.cl\/noticias\/index.php?rest_route=\/wp\/v2\/posts\/27932\/revisions"}],"predecessor-version":[{"id":27935,"href":"https:\/\/www.yungayino.cl\/noticias\/index.php?rest_route=\/wp\/v2\/posts\/27932\/revisions\/27935"}],"wp:featuredmedia":[{"embeddable":true,"href":"https:\/\/www.yungayino.cl\/noticias\/index.php?rest_route=\/wp\/v2\/media\/27933"}],"wp:attachment":[{"href":"https:\/\/www.yungayino.cl\/noticias\/index.php?rest_route=%2Fwp%2Fv2%2Fmedia&parent=27932"}],"wp:term":[{"taxonomy":"category","embeddable":true,"href":"https:\/\/www.yungayino.cl\/noticias\/index.php?rest_route=%2Fwp%2Fv2%2Fcategories&post=27932"},{"taxonomy":"post_tag","embeddable":true,"href":"https:\/\/www.yungayino.cl\/noticias\/index.php?rest_route=%2Fwp%2Fv2%2Ftags&post=27932"}],"curies":[{"name":"wp","href":"https:\/\/api.w.org\/{rel}","templated":true}]}}