{"id":27940,"date":"2023-03-12T07:00:21","date_gmt":"2023-03-12T11:00:21","guid":{"rendered":"http:\/\/www.yungayino.cl\/noticias\/?p=27940"},"modified":"2023-03-09T13:00:43","modified_gmt":"2023-03-09T17:00:43","slug":"red-asistencial-potencia-el-trabajo-en-terreno-de-los-equipos-de-salud-con-nuevos-vehiculos","status":"publish","type":"post","link":"https:\/\/www.yungayino.cl\/noticias\/?p=27940","title":{"rendered":"Red Asistencial Potencia el Trabajo en Terreno de los Equipos de Salud con Nuevos Veh\u00edculos"},"content":{"rendered":"<p><img loading=\"lazy\" decoding=\"async\" class=\"alignnone wp-image-27941 size-full\" src=\"http:\/\/www.yungayino.cl\/noticias\/wp-content\/uploads\/2023\/03\/vehiculos-salud.jpg\" alt=\"\" width=\"700\" height=\"350\" srcset=\"https:\/\/www.yungayino.cl\/noticias\/wp-content\/uploads\/2023\/03\/vehiculos-salud.jpg 700w, https:\/\/www.yungayino.cl\/noticias\/wp-content\/uploads\/2023\/03\/vehiculos-salud-300x150.jpg 300w\" sizes=\"auto, (max-width: 700px) 100vw, 700px\" \/><\/p>\n<p style=\"text-align: justify;\">Marzo 2023: Cinco camionetas permitir\u00e1n fortalecer la labor desarrollada en los hospitales de Bulnes, <strong>Yungay<\/strong> y El Carmen, adem\u00e1s de la Direcci\u00f3n del Servicio de Salud \u00d1uble, potenciando el despliegue por el territorio de los equipos de salud mental y la entrega de medicamentos a domicilio, en el marco de la emergencia generada por los Incendios Forestales.<\/p>\n<p style=\"text-align: justify;\">Acercar las atenciones de salud a las personas es una prioridad, entendiendo que todas y todos deben recibir prestaciones de manera oportuna, adem\u00e1s de procurar la continuidad de sus tratamientos; m\u00e1s en el momento que enfrenta la Regi\u00f3n, luego de los Incendios Forestales que afectaron a cientos de familias en \u00d1uble.<\/p>\n<p style=\"text-align: justify;\">Por ello, el Servicio de Salud \u00d1uble (SS\u00d1), puso a disposici\u00f3n, cinco nuevos veh\u00edculos que permitir\u00e1n fortalecer, durante todo el 2023, el trabajo realizado por los hospitales de Bulnes, Yungay y El Carmen, adem\u00e1s de la Direcci\u00f3n del SS\u00d1, principalmente a trav\u00e9s de los equipos de salud mental y con la entrega de f\u00e1rmacos a domicilio.<\/p>\n<p style=\"text-align: justify;\">\u201cEstamos muy contentos de estar entregando al servicio de nuestra red asistencial estas nuevas camionetas, que vienen a potenciar la labor que realizan los equipos que se despliegan diariamente en terreno, para otorgar atenciones de salud mental y, adem\u00e1s, que realizan entrega de medicamentos a quienes viven en los sectores m\u00e1s apartados de los distintos territorios. Esta, sin duda, es una forma concreta, a trav\u00e9s de la cual aseguramos llegar con nuestras prestaciones de manera oportuna a las y los usuarios que lo requieren\u201d, destac\u00f3 la Directora (s) del Servicio de Salud \u00d1uble (SS\u00d1), Elizabeth Abarca Trivi\u00f1o.<\/p>\n<p style=\"text-align: justify;\">La directiva recalc\u00f3 adem\u00e1s que, \u201cla iniciativa es parte de la inyecci\u00f3n de recursos realizada por el Ministerio de Salud en el marco de la emergencia por incendios forestales, por lo que sin duda, estos veh\u00edculos ser\u00e1n fundamentales para apoyar la labor realizada por los equipos de Apoyo a la Respuesta en Salud Mental (ARSAM), de los recintos hospitalarios y de la direcci\u00f3n del SS\u00d1, quienes han cumplido un rol fundamental, y que, sin duda, continuar\u00e1 siendo esencial los pr\u00f3ximos meses. Porque en salud la emergencia no ha concluido, tenemos meses duros de trabajo por delante, nuestro deber es acompa\u00f1ar a estas familias, brindando no s\u00f3lo atenci\u00f3n en salud mental, sino tambi\u00e9n, garantizando la continuidad de sus tratamientos; la reposici\u00f3n de sus f\u00e1rmacos; la entrega de insumos y elementos como lentes, y dando respuesta de manera integral, porque en \u00d1uble nadie estar\u00e1 solo ni sola y la red asistencial y sus equipos est\u00e1n trabajando para que as\u00ed sea\u201d.<\/p>\n<p style=\"text-align: justify;\">Por su parte, el Director del Hospital de Bulnes, Dr. \u00c1lvaro Lagos, precis\u00f3 que \u201ccomo Hospital de Bulnes, estamos muy contentos por recibir esta camioneta 4&#215;4, la cual nos va a permitir seguir aproximando las prestaciones de nuestro establecimiento a las personas. La dispersi\u00f3n geogr\u00e1fica de la comuna es alta, por lo que tenemos un gran porcentaje de poblaci\u00f3n rural que se va a beneficiar con esta estrategia de acercamiento, permiti\u00e9ndonos seguir con la entrega de f\u00e1rmacos a domicilio, que ha sido muy bien recibida por la poblaci\u00f3n mayor de 70 a\u00f1os, y por supuesto llegar a todos los rincones con las estrategias de salud mental\u201d.<\/p>\n<p style=\"text-align: justify;\">Asimismo, el Director del Hospital de Yungay, Luis Gatica, tambi\u00e9n agradeci\u00f3 este apoyo, enfatizando que \u201csin duda, la llegada de este m\u00f3vil nos va a permitir reforzar las prestaciones que actualmente estamos haciendo en terreno, como son las atenciones de salud mental y la entrega de f\u00e1rmacos a domicilio, sobre todo en las zonas rurales donde tenemos una importante poblaci\u00f3n. Por lo que estamos felices y agradecidos, esperamos seguir trabajando de la misma forma con la Direcci\u00f3n de Servicio de Salud \u00d1uble y a nuestra comunidad\u201d.<\/p>\n<p style=\"text-align: justify;\">En total, la inversi\u00f3n supera los 130 millones de pesos, financiamiento entregado por el estado de cat\u00e1strofe producto de los incendios forestales, que permitir\u00e1 contar con este apoyo a las funciones diarias durante todo el 2023.<\/p>\n","protected":false},"excerpt":{"rendered":"<p>Marzo 2023: Cinco camionetas permitir\u00e1n fortalecer la labor desarrollada en los hospitales de Bulnes, Yungay y El Carmen, adem\u00e1s de la Direcci\u00f3n del Servicio de Salud \u00d1uble, potenciando el despliegue por el territorio de&#46;&#46;&#46;<\/p>\n","protected":false},"author":2,"featured_media":27941,"comment_status":"closed","ping_status":"open","sticky":false,"template":"","format":"standard","meta":{"footnotes":""},"categories":[1,1675,1676],"tags":[340,1115,65,2557,8,6,117],"class_list":["post-27940","post","type-post","status-publish","format-standard","has-post-thumbnail","hentry","category-noticias","category-saludc","category-salud","tag-hospital-yungay","tag-noticias","tag-salud","tag-vehiculo","tag-yungay","tag-yungayino","tag-yungayinocl"],"_links":{"self":[{"href":"https:\/\/www.yungayino.cl\/noticias\/index.php?rest_route=\/wp\/v2\/posts\/27940","targetHints":{"allow":["GET"]}}],"collection":[{"href":"https:\/\/www.yungayino.cl\/noticias\/index.php?rest_route=\/wp\/v2\/posts"}],"about":[{"href":"https:\/\/www.yungayino.cl\/noticias\/index.php?rest_route=\/wp\/v2\/types\/post"}],"author":[{"embeddable":true,"href":"https:\/\/www.yungayino.cl\/noticias\/index.php?rest_route=\/wp\/v2\/users\/2"}],"replies":[{"embeddable":true,"href":"https:\/\/www.yungayino.cl\/noticias\/index.php?rest_route=%2Fwp%2Fv2%2Fcomments&post=27940"}],"version-history":[{"count":1,"href":"https:\/\/www.yungayino.cl\/noticias\/index.php?rest_route=\/wp\/v2\/posts\/27940\/revisions"}],"predecessor-version":[{"id":27942,"href":"https:\/\/www.yungayino.cl\/noticias\/index.php?rest_route=\/wp\/v2\/posts\/27940\/revisions\/27942"}],"wp:featuredmedia":[{"embeddable":true,"href":"https:\/\/www.yungayino.cl\/noticias\/index.php?rest_route=\/wp\/v2\/media\/27941"}],"wp:attachment":[{"href":"https:\/\/www.yungayino.cl\/noticias\/index.php?rest_route=%2Fwp%2Fv2%2Fmedia&parent=27940"}],"wp:term":[{"taxonomy":"category","embeddable":true,"href":"https:\/\/www.yungayino.cl\/noticias\/index.php?rest_route=%2Fwp%2Fv2%2Fcategories&post=27940"},{"taxonomy":"post_tag","embeddable":true,"href":"https:\/\/www.yungayino.cl\/noticias\/index.php?rest_route=%2Fwp%2Fv2%2Ftags&post=27940"}],"curies":[{"name":"wp","href":"https:\/\/api.w.org\/{rel}","templated":true}]}}