{"id":27950,"date":"2023-03-24T07:00:21","date_gmt":"2023-03-24T11:00:21","guid":{"rendered":"http:\/\/www.yungayino.cl\/noticias\/?p=27950"},"modified":"2023-03-15T12:50:53","modified_gmt":"2023-03-15T16:50:53","slug":"nuevo-operativo-de-fin-de-semana-resolvera-intervenciones-quirurgicas-y-atenciones-de-especialidad-en-nuble","status":"publish","type":"post","link":"https:\/\/www.yungayino.cl\/noticias\/?p=27950","title":{"rendered":"Nuevo Operativo de Fin de Semana Resolver\u00e1 Intervenciones Quir\u00fargicas y Atenciones de Especialidad en \u00d1uble"},"content":{"rendered":"<p><img loading=\"lazy\" decoding=\"async\" class=\"alignnone wp-image-27951 size-full\" src=\"http:\/\/www.yungayino.cl\/noticias\/wp-content\/uploads\/2023\/03\/opeaciones-nuble.jpg\" alt=\"\" width=\"700\" height=\"350\" srcset=\"https:\/\/www.yungayino.cl\/noticias\/wp-content\/uploads\/2023\/03\/opeaciones-nuble.jpg 700w, https:\/\/www.yungayino.cl\/noticias\/wp-content\/uploads\/2023\/03\/opeaciones-nuble-300x150.jpg 300w\" sizes=\"auto, (max-width: 700px) 100vw, 700px\" \/><\/p>\n<p style=\"text-align: justify;\">\u00d1uble, marzo 2023: Red Asistencial contin\u00faa entregando atenciones que contribuyen a la reducci\u00f3n de los tiempos de espera, con la programaci\u00f3n de consultas m\u00e9dicas de especialidad y de profesionales no m\u00e9dicos, procedimientos quir\u00fargicos y otros procedimientos cl\u00ednicos.<\/p>\n<p style=\"text-align: justify;\">Reducir los tiempos que una persona espera por la atenci\u00f3n de un especialista o una cirug\u00eda, que se incrementaron producto de la pandemia, mantiene a los equipos realizando intervenciones durante el fin de semana.<\/p>\n<p style=\"text-align: justify;\">Una estrategia que se lleva a cabo gracias a los recursos entregados por el Ministerio de Salud, a trav\u00e9s del Fondo Extraordinario Transitorio (FET), y que permite realizar consultas m\u00e9dicas de especialidad y de profesionales no m\u00e9dicos, adem\u00e1s de procedimientos quir\u00fargicos y cl\u00ednicos.<\/p>\n<p style=\"text-align: justify;\">\u201cUna de nuestras prioridades como instituci\u00f3n, as\u00ed como tambi\u00e9n del Gobierno, es reducir el tiempo que aguardan las personas para una atenci\u00f3n. Gracias a esta inyecci\u00f3n de recursos, hemos avanzado en esta tarea, con el compromiso de los equipos de nuestros hospitales de mayor complejidad, quienes realizan cada fin de semana un gran despliegue, en el marco del proceso de reactivaci\u00f3n de la Red Asistencial\u201d, destac\u00f3 la Directora (s) del Servicio de Salud \u00d1uble (SS\u00d1), Elizabeth Abarca Trivi\u00f1o.<\/p>\n<p style=\"text-align: justify;\">La directiva recalc\u00f3 adem\u00e1s que, \u201cesta es una estrategia que es parte del Plan de Reducci\u00f3n de Listas de Espera, impulsada por el Minsal, que permite fortalecer la capacidad de producci\u00f3n de nuestros recintos hospitalarios, entregando mayor oportunidad y calidad a nuestros usuarios y usuarias\u201d.<\/p>\n<p style=\"text-align: justify;\">Por su parte, el Subdirector de Gesti\u00f3n Asistencial del SS\u00d1, Dr. Max Besser Valenzuela, precis\u00f3 que, \u201ceste fin de semana, el equipo de profesionales del Hospital Cl\u00ednico Herminda Mart\u00edn de Chill\u00e1n, se realizar\u00e1n 20 intervenciones quir\u00fargicas, en especialidades como oftalmolog\u00eda, patolog\u00eda mamaria, traumatolog\u00eda y urolog\u00eda, y 25\u00a0 atenciones ambulatorias, en hematolog\u00eda adulto e imagenolog\u00eda por patolog\u00eda mamaria\u201d.<\/p>\n<p style=\"text-align: justify;\">\u201cNuevamente queremos reconocer la labor que desempe\u00f1an y el rol asumido por los equipos, ya que es un esfuerzo que est\u00e1 mejorando la calidad de vida de las personas. Por esto, es que nuestro compromiso es seguir avanzando para otorgar prestaciones de manera oportuna a todas y todos\u201d, recalc\u00f3 el especialista.<\/p>\n<p style=\"text-align: justify;\">Estas atenciones, desarrolladas en extensi\u00f3n horaria, continuar\u00e1n program\u00e1ndose en la Red Asistencial de \u00d1uble.<\/p>\n","protected":false},"excerpt":{"rendered":"<p>\u00d1uble, marzo 2023: Red Asistencial contin\u00faa entregando atenciones que contribuyen a la reducci\u00f3n de los tiempos de espera, con la programaci\u00f3n de consultas m\u00e9dicas de especialidad y de profesionales no m\u00e9dicos, procedimientos quir\u00fargicos y&#46;&#46;&#46;<\/p>\n","protected":false},"author":2,"featured_media":27951,"comment_status":"closed","ping_status":"open","sticky":false,"template":"","format":"standard","meta":{"footnotes":""},"categories":[1],"tags":[1115,1678,65,8,6,117],"class_list":["post-27950","post","type-post","status-publish","format-standard","has-post-thumbnail","hentry","category-noticias","tag-noticias","tag-nuble","tag-salud","tag-yungay","tag-yungayino","tag-yungayinocl"],"_links":{"self":[{"href":"https:\/\/www.yungayino.cl\/noticias\/index.php?rest_route=\/wp\/v2\/posts\/27950","targetHints":{"allow":["GET"]}}],"collection":[{"href":"https:\/\/www.yungayino.cl\/noticias\/index.php?rest_route=\/wp\/v2\/posts"}],"about":[{"href":"https:\/\/www.yungayino.cl\/noticias\/index.php?rest_route=\/wp\/v2\/types\/post"}],"author":[{"embeddable":true,"href":"https:\/\/www.yungayino.cl\/noticias\/index.php?rest_route=\/wp\/v2\/users\/2"}],"replies":[{"embeddable":true,"href":"https:\/\/www.yungayino.cl\/noticias\/index.php?rest_route=%2Fwp%2Fv2%2Fcomments&post=27950"}],"version-history":[{"count":1,"href":"https:\/\/www.yungayino.cl\/noticias\/index.php?rest_route=\/wp\/v2\/posts\/27950\/revisions"}],"predecessor-version":[{"id":27952,"href":"https:\/\/www.yungayino.cl\/noticias\/index.php?rest_route=\/wp\/v2\/posts\/27950\/revisions\/27952"}],"wp:featuredmedia":[{"embeddable":true,"href":"https:\/\/www.yungayino.cl\/noticias\/index.php?rest_route=\/wp\/v2\/media\/27951"}],"wp:attachment":[{"href":"https:\/\/www.yungayino.cl\/noticias\/index.php?rest_route=%2Fwp%2Fv2%2Fmedia&parent=27950"}],"wp:term":[{"taxonomy":"category","embeddable":true,"href":"https:\/\/www.yungayino.cl\/noticias\/index.php?rest_route=%2Fwp%2Fv2%2Fcategories&post=27950"},{"taxonomy":"post_tag","embeddable":true,"href":"https:\/\/www.yungayino.cl\/noticias\/index.php?rest_route=%2Fwp%2Fv2%2Ftags&post=27950"}],"curies":[{"name":"wp","href":"https:\/\/api.w.org\/{rel}","templated":true}]}}