{"id":27961,"date":"2023-03-09T10:00:05","date_gmt":"2023-03-09T14:00:05","guid":{"rendered":"http:\/\/www.yungayino.cl\/noticias\/?p=27961"},"modified":"2023-03-09T13:03:26","modified_gmt":"2023-03-09T17:03:26","slug":"gobierno-regional-reconoce-labor-de-profesora-marcela-roa-durante-la-emergencia-por-los-incendios-forestales","status":"publish","type":"post","link":"https:\/\/www.yungayino.cl\/noticias\/?p=27961","title":{"rendered":"Gobierno Regional Reconoce Labor de Profesora Marcela Roa Durante la Emergencia por los Incendios Forestales"},"content":{"rendered":"<p><img loading=\"lazy\" decoding=\"async\" class=\"alignnone wp-image-27962 size-full\" src=\"http:\/\/www.yungayino.cl\/noticias\/wp-content\/uploads\/2023\/03\/marcela-roa-1.jpg\" alt=\"\" width=\"700\" height=\"351\" srcset=\"https:\/\/www.yungayino.cl\/noticias\/wp-content\/uploads\/2023\/03\/marcela-roa-1.jpg 700w, https:\/\/www.yungayino.cl\/noticias\/wp-content\/uploads\/2023\/03\/marcela-roa-1-300x150.jpg 300w, https:\/\/www.yungayino.cl\/noticias\/wp-content\/uploads\/2023\/03\/marcela-roa-1-299x150.jpg 299w\" sizes=\"auto, (max-width: 700px) 100vw, 700px\" \/><\/p>\n<p style=\"text-align: justify;\">\u00d1uble, marzo 2023: En el D\u00eda Internacional de la Mujer, se destac\u00f3 mujeres de \u00d1uble que, durante los incendios forestales, entregaron su apoyo, tiempo y trabajo para ayudar a los damnificados y a los brigadistas.<\/p>\n<p style=\"text-align: justify;\">Ellas son \u00d1uble, fue el concepto que acu\u00f1\u00f3 el Gobierno Regional para conmemorar el D\u00eda Internacional de la Mujer, donde se reconoci\u00f3 a doce \u00f1ublensinas por su labor y apoyo desplegado durante la emergencia de los incendios forestales.<\/p>\n<p style=\"text-align: justify;\">Fue en la Explanada del Gobierno Regional, donde el Gobernador de \u00d1uble, \u00d3scar Cris\u00f3stomo, junto a la Seremi de la Mujer y Equidad de G\u00e9nero, Cristina Mart\u00edn, y consejeros y consejeras regionales, entregaron un galard\u00f3n a cada una de las mujeres que fueron un pilar fundamental durante la crisis producto de los incendios. Durante la actividad, adem\u00e1s se realiz\u00f3 la firma simb\u00f3lica de la directiva que asume la Asociaci\u00f3n Gremial de Mujeres Campesinas de \u00d1uble impulsada por la Fundaci\u00f3n Prodemu.<\/p>\n<p style=\"text-align: justify;\">En la ceremonia, el Gobernador Cris\u00f3stomo subray\u00f3 que \u201cen este d\u00eda muy\u00a0 particular quisimos hacer un alto porque las mujeres de \u00d1uble son \u00d1uble, y en ese marco estamos generando\u00a0 esta conmemoraci\u00f3n del D\u00eda de la Mujer, donde adem\u00e1s vamos a reconocer a 12 mujeres que durante los incendios forestales jugaron un papel clave, ya sea como bomberas, como brigadistas,\u00a0 tenemos a la se\u00f1ora Luc\u00eda de Quill\u00f3n que ofreci\u00f3 sus caba\u00f1as para que las personas se pudieran\u00a0 albergar durante los d\u00edas que de la emergencia. Son 12 mujeres muy potentes y poderosas que representan a todas las mujeres de la Regi\u00f3n de \u00d1uble\u201d.<\/p>\n<p style=\"text-align: justify;\">Cris\u00f3stomo enfatiz\u00f3 que \u201chay patrones culturales que, d\u00eda a d\u00eda, violentan y van generando efectos nocivos en nuestra sociedad y creo que en eso los hombres tenemos que hacernos cargo y cambiar. Esa discusi\u00f3n tratamos de esquivarla, soslayarla, pero creo que es importante decir que, gran parte de la responsabilidad de los hechos negativos que existen hacia las mujeres, parten desde los hombres y tenemos que hacernos cargo de nuestras actitudes, de no generar condiciones inc\u00f3modas (\u2026) Es momento de que los hombres dispongamos de una reflexi\u00f3n profunda frente a las actitudes que tenemos\u201d.<\/p>\n<p style=\"text-align: justify;\">Por su parte, la seremi Cristina Mart\u00edn, sostuvo que \u201cesta es una conmemoraci\u00f3n bastante importante porque es la primera del Gobierno del Presidente Gabriel Boric y tenemos varios avances y alianzas junto al Gobierno Regional, alcald\u00edas y empresas privadas, con lo que a nosotros nos llama, a mover y correr los espacios para poder fortalecer y entregar las herramientas que las mujeres necesitan. Hoy d\u00eda las mujeres necesitan autonom\u00eda econ\u00f3mica para poder romper los c\u00edrculos de la violencia y en eso es lo que estamos trabajando como Gobierno y como Regi\u00f3n de \u00d1uble\u201d.<\/p>\n<p style=\"text-align: justify;\">En la ocasi\u00f3n recibi\u00f3 un galard\u00f3n Marcela Roa de Yungay, profesora de la Escuela Fernando Baquedano y dirigente activa de una agrupaci\u00f3n social cat\u00f3lica, quien gestion\u00f3 un centro de acopio y albergue Oreste Montero, donde particip\u00f3 preparando comidas para los vecinos damnificados en los incendios forestales.<\/p>\n<p>&nbsp;<\/p>\n<p><img loading=\"lazy\" decoding=\"async\" class=\"alignnone wp-image-27963 size-full\" src=\"http:\/\/www.yungayino.cl\/noticias\/wp-content\/uploads\/2023\/03\/marcela-roa-2.jpg\" alt=\"\" width=\"700\" height=\"367\" srcset=\"https:\/\/www.yungayino.cl\/noticias\/wp-content\/uploads\/2023\/03\/marcela-roa-2.jpg 700w, https:\/\/www.yungayino.cl\/noticias\/wp-content\/uploads\/2023\/03\/marcela-roa-2-300x157.jpg 300w, https:\/\/www.yungayino.cl\/noticias\/wp-content\/uploads\/2023\/03\/marcela-roa-2-286x150.jpg 286w\" sizes=\"auto, (max-width: 700px) 100vw, 700px\" \/><\/p>\n<p><img loading=\"lazy\" decoding=\"async\" class=\"alignnone wp-image-27964 size-full\" src=\"http:\/\/www.yungayino.cl\/noticias\/wp-content\/uploads\/2023\/03\/marcela-roa-3.jpg\" alt=\"\" width=\"700\" height=\"367\" srcset=\"https:\/\/www.yungayino.cl\/noticias\/wp-content\/uploads\/2023\/03\/marcela-roa-3.jpg 700w, https:\/\/www.yungayino.cl\/noticias\/wp-content\/uploads\/2023\/03\/marcela-roa-3-300x157.jpg 300w, https:\/\/www.yungayino.cl\/noticias\/wp-content\/uploads\/2023\/03\/marcela-roa-3-286x150.jpg 286w\" sizes=\"auto, (max-width: 700px) 100vw, 700px\" \/><\/p>\n","protected":false},"excerpt":{"rendered":"<p>\u00d1uble, marzo 2023: En el D\u00eda Internacional de la Mujer, se destac\u00f3 mujeres de \u00d1uble que, durante los incendios forestales, entregaron su apoyo, tiempo y trabajo para ayudar a los damnificados y a los&#46;&#46;&#46;<\/p>\n","protected":false},"author":2,"featured_media":27962,"comment_status":"closed","ping_status":"open","sticky":false,"template":"","format":"standard","meta":{"footnotes":""},"categories":[1],"tags":[2764,1115,1678,8,6,117],"class_list":["post-27961","post","type-post","status-publish","format-standard","has-post-thumbnail","hentry","category-noticias","tag-marcela-roa","tag-noticias","tag-nuble","tag-yungay","tag-yungayino","tag-yungayinocl"],"_links":{"self":[{"href":"https:\/\/www.yungayino.cl\/noticias\/index.php?rest_route=\/wp\/v2\/posts\/27961","targetHints":{"allow":["GET"]}}],"collection":[{"href":"https:\/\/www.yungayino.cl\/noticias\/index.php?rest_route=\/wp\/v2\/posts"}],"about":[{"href":"https:\/\/www.yungayino.cl\/noticias\/index.php?rest_route=\/wp\/v2\/types\/post"}],"author":[{"embeddable":true,"href":"https:\/\/www.yungayino.cl\/noticias\/index.php?rest_route=\/wp\/v2\/users\/2"}],"replies":[{"embeddable":true,"href":"https:\/\/www.yungayino.cl\/noticias\/index.php?rest_route=%2Fwp%2Fv2%2Fcomments&post=27961"}],"version-history":[{"count":1,"href":"https:\/\/www.yungayino.cl\/noticias\/index.php?rest_route=\/wp\/v2\/posts\/27961\/revisions"}],"predecessor-version":[{"id":27965,"href":"https:\/\/www.yungayino.cl\/noticias\/index.php?rest_route=\/wp\/v2\/posts\/27961\/revisions\/27965"}],"wp:featuredmedia":[{"embeddable":true,"href":"https:\/\/www.yungayino.cl\/noticias\/index.php?rest_route=\/wp\/v2\/media\/27962"}],"wp:attachment":[{"href":"https:\/\/www.yungayino.cl\/noticias\/index.php?rest_route=%2Fwp%2Fv2%2Fmedia&parent=27961"}],"wp:term":[{"taxonomy":"category","embeddable":true,"href":"https:\/\/www.yungayino.cl\/noticias\/index.php?rest_route=%2Fwp%2Fv2%2Fcategories&post=27961"},{"taxonomy":"post_tag","embeddable":true,"href":"https:\/\/www.yungayino.cl\/noticias\/index.php?rest_route=%2Fwp%2Fv2%2Ftags&post=27961"}],"curies":[{"name":"wp","href":"https:\/\/api.w.org\/{rel}","templated":true}]}}