{"id":27970,"date":"2023-03-09T22:00:27","date_gmt":"2023-03-10T02:00:27","guid":{"rendered":"http:\/\/www.yungayino.cl\/noticias\/?p=27970"},"modified":"2023-03-09T22:48:42","modified_gmt":"2023-03-10T02:48:42","slug":"comite-de-mejoramiento-y-adelanto-lomas-del-sol-yungay-realiza-ceremonia-lanzamiento-de-proyecto-alarmas-comunitarias-lomas-del-sol-yungay","status":"publish","type":"post","link":"https:\/\/www.yungayino.cl\/noticias\/?p=27970","title":{"rendered":"Comit\u00e9 de Mejoramiento y Adelanto Lomas del Sol Yungay, Realiza Ceremonia Lanzamiento de Proyecto \u201cAlarmas Comunitarias Lomas del Sol Yungay\u201d"},"content":{"rendered":"<p><img loading=\"lazy\" decoding=\"async\" class=\"alignnone wp-image-27971 size-full\" src=\"http:\/\/www.yungayino.cl\/noticias\/wp-content\/uploads\/2023\/03\/portada.jpg\" alt=\"\" width=\"700\" height=\"350\" srcset=\"https:\/\/www.yungayino.cl\/noticias\/wp-content\/uploads\/2023\/03\/portada.jpg 700w, https:\/\/www.yungayino.cl\/noticias\/wp-content\/uploads\/2023\/03\/portada-300x150.jpg 300w\" sizes=\"auto, (max-width: 700px) 100vw, 700px\" \/><\/p>\n<p style=\"text-align: justify;\">Yungay, marzo 2023: Con mucha alegr\u00eda el Comit\u00e9 de Mejoramiento y Adelanto <strong>Lomas del Sol Yungay <\/strong>llevo a cabo una ceremonia de lanzamiento del proyecto de seguridad ciudadana: \u201cAlarmas Comunitarias Lomas del Sol Yungay\u201d, cuya directiva es presidida por la Sra. Cecilia Meneses, Secretaria, Sra. Susana C\u00e1ceres y Tesorero, Sr. Camilo S\u00e1ez.<\/p>\n<p style=\"text-align: justify;\">En la ocasi\u00f3n se dio a conocer a sus vecinos(as) y autoridades el exitoso proyecto de seguridad ciudadana que se adjudicaron por una subvenci\u00f3n con Fondos del Gobierno Regional de \u00d1uble, cuyo objetivo es erradicar la delincuencia y el consumo de alcohol y drogas de su territorio y a su vez disminuir la percepci\u00f3n de temor e inseguridad de las mujeres, hombres, ni\u00f1os, (as) y adultos mayores, mediante la instalaci\u00f3n de estas alarmas comunitarias.<\/p>\n<p style=\"text-align: justify;\">En la ocasi\u00f3n tambi\u00e9n particip\u00f3 la Encargada de la Oficina de la Integraci\u00f3n Comunitaria de la Cuarta Comisaria de Carabineros de Yungay, Cabo Primero Sra. Pilar Cerda, qui\u00e9n realiz\u00f3 una Charla Preventiva del Delito e interactuaron con preguntas y participaci\u00f3n de los vecinos (as), adem\u00e1s de la participaci\u00f3n del Sr. Patricio Padilla, Encargado de Seguridad Municipal y el representante de la empresa DipSeguridad.<\/p>\n<p style=\"text-align: justify;\">Finalmente se\u00f1alar que la actividad tambi\u00e9n cont\u00f3 con la asistencia de los Concejales Gonzalo Rojas, Patricia Moncada, Ricardo Ramos y Berta Cid, adem\u00e1s de Personal de Gendarmer\u00eda de Yungay.<\/p>\n<p>&nbsp;<\/p>\n<p style=\"text-align: justify;\">[su_button url=\u00bbhttps:\/\/www.facebook.com\/media\/set\/?vanity=yungayino.cl&amp;set=a.6586381918043458&#8243; target=\u00bbblank\u00bb size=\u00bb7&#8243; radius=\u00bbround\u00bb icon=\u00bbicon: facebook-square\u00bb]FOTOGRAF\u00cdAS &#8211; Comit\u00e9 de Mejoramiento y Adelanto Lomas del Sol Yungay, Realiza Ceremonia Lanzamiento de Proyecto \u201cAlarmas Comunitarias Lomas del Sol Yungay\u201d[\/su_button]<\/p>\n","protected":false},"excerpt":{"rendered":"<p>Yungay, marzo 2023: Con mucha alegr\u00eda el Comit\u00e9 de Mejoramiento y Adelanto Lomas del Sol Yungay llevo a cabo una ceremonia de lanzamiento del proyecto de seguridad ciudadana: \u201cAlarmas Comunitarias Lomas del Sol Yungay\u201d,&#46;&#46;&#46;<\/p>\n","protected":false},"author":2,"featured_media":27971,"comment_status":"closed","ping_status":"open","sticky":false,"template":"","format":"standard","meta":{"footnotes":""},"categories":[1],"tags":[2765,2766,1115,8,6,117],"class_list":["post-27970","post","type-post","status-publish","format-standard","has-post-thumbnail","hentry","category-noticias","tag-alarmas-de-seguridad","tag-lomas-del-sol","tag-noticias","tag-yungay","tag-yungayino","tag-yungayinocl"],"_links":{"self":[{"href":"https:\/\/www.yungayino.cl\/noticias\/index.php?rest_route=\/wp\/v2\/posts\/27970","targetHints":{"allow":["GET"]}}],"collection":[{"href":"https:\/\/www.yungayino.cl\/noticias\/index.php?rest_route=\/wp\/v2\/posts"}],"about":[{"href":"https:\/\/www.yungayino.cl\/noticias\/index.php?rest_route=\/wp\/v2\/types\/post"}],"author":[{"embeddable":true,"href":"https:\/\/www.yungayino.cl\/noticias\/index.php?rest_route=\/wp\/v2\/users\/2"}],"replies":[{"embeddable":true,"href":"https:\/\/www.yungayino.cl\/noticias\/index.php?rest_route=%2Fwp%2Fv2%2Fcomments&post=27970"}],"version-history":[{"count":4,"href":"https:\/\/www.yungayino.cl\/noticias\/index.php?rest_route=\/wp\/v2\/posts\/27970\/revisions"}],"predecessor-version":[{"id":27975,"href":"https:\/\/www.yungayino.cl\/noticias\/index.php?rest_route=\/wp\/v2\/posts\/27970\/revisions\/27975"}],"wp:featuredmedia":[{"embeddable":true,"href":"https:\/\/www.yungayino.cl\/noticias\/index.php?rest_route=\/wp\/v2\/media\/27971"}],"wp:attachment":[{"href":"https:\/\/www.yungayino.cl\/noticias\/index.php?rest_route=%2Fwp%2Fv2%2Fmedia&parent=27970"}],"wp:term":[{"taxonomy":"category","embeddable":true,"href":"https:\/\/www.yungayino.cl\/noticias\/index.php?rest_route=%2Fwp%2Fv2%2Fcategories&post=27970"},{"taxonomy":"post_tag","embeddable":true,"href":"https:\/\/www.yungayino.cl\/noticias\/index.php?rest_route=%2Fwp%2Fv2%2Ftags&post=27970"}],"curies":[{"name":"wp","href":"https:\/\/api.w.org\/{rel}","templated":true}]}}