{"id":2798,"date":"2010-01-10T16:00:09","date_gmt":"2010-01-10T20:00:09","guid":{"rendered":"http:\/\/www.yungayino.cl\/noticias\/?p=2798"},"modified":"2010-01-10T19:19:52","modified_gmt":"2010-01-10T23:19:52","slug":"el-charro-de-nuble-canta-a-cocho-canaca","status":"publish","type":"post","link":"https:\/\/www.yungayino.cl\/noticias\/?p=2798","title":{"rendered":"El Charro de \u00d1uble Canta a Cocho Canaca"},"content":{"rendered":"<p><img decoding=\"async\" src=\"http:\/\/www.yungayino.cl\/imagenes\/20100110.jpg\" alt=\"El Charro de \u00d1uble Canta a Cocho Canaca\" \/><\/p>\n<p align=\"justify\"><font size=\"2\">Yungay, en la sexta producci\u00f3n de El Charro de \u00d1uble, que sale a la venta en el presente mes, se incluye un tema que fue escrito en memoria de Jos\u00e9 Paredes, m\u00e1s conocido como \u201cCocho Canaca\u201d (Q.E.P.D.). Donde relata el triste final que tuvo este amigo del pueblo y que deja ver el tremendo cari\u00f1o que los Yungayinos, vecinos y visitantes le guardan en sus corazones.<br \/>\n<a href=\"http:\/\/www.yungayino.cl\/noticias\/?p=2798#comments\">Comente Aqu\u00ed<\/a><br \/>\n<a href=\"http:\/\/www.yungayino.cl\/noticias\/?p=2361\">M\u00e1s Informaci\u00f3n<\/a><br \/>\n<br \/>\n<object width=\"480\" height=\"295\"><param name=\"movie\" value=\"http:\/\/www.youtube.com\/v\/s1qo50WCqGg&#038;rel=0&#038;egm=0&#038;hl=es_ES&#038;fs=1&#038;\"><\/param><param name=\"allowFullScreen\" value=\"true\"><\/param><param name=\"allowscriptaccess\" value=\"always\"><\/param><embed src=\"http:\/\/www.youtube.com\/v\/s1qo50WCqGg&#038;rel=0&#038;egm=0&#038;hl=es_ES&#038;fs=1&#038;\" type=\"application\/x-shockwave-flash\" allowscriptaccess=\"always\" allowfullscreen=\"true\" width=\"480\" height=\"295\"><\/embed><\/object><\/a><\/font><\/p>\n","protected":false},"excerpt":{"rendered":"<p>Yungay, en la sexta producci\u00f3n de El Charro de \u00d1uble, que sale a la venta en el presente mes, se incluye un tema que fue escrito en memoria de Jos\u00e9 Paredes, m\u00e1s conocido como&#46;&#46;&#46;<\/p>\n","protected":false},"author":2,"featured_media":15208,"comment_status":"open","ping_status":"open","sticky":false,"template":"","format":"standard","meta":{"footnotes":""},"categories":[1],"tags":[145,1115,8,6],"class_list":["post-2798","post","type-post","status-publish","format-standard","has-post-thumbnail","hentry","category-noticias","tag-el-charro-de-nuble-canta-a-cocho-canaca","tag-noticias","tag-yungay","tag-yungayino"],"_links":{"self":[{"href":"https:\/\/www.yungayino.cl\/noticias\/index.php?rest_route=\/wp\/v2\/posts\/2798","targetHints":{"allow":["GET"]}}],"collection":[{"href":"https:\/\/www.yungayino.cl\/noticias\/index.php?rest_route=\/wp\/v2\/posts"}],"about":[{"href":"https:\/\/www.yungayino.cl\/noticias\/index.php?rest_route=\/wp\/v2\/types\/post"}],"author":[{"embeddable":true,"href":"https:\/\/www.yungayino.cl\/noticias\/index.php?rest_route=\/wp\/v2\/users\/2"}],"replies":[{"embeddable":true,"href":"https:\/\/www.yungayino.cl\/noticias\/index.php?rest_route=%2Fwp%2Fv2%2Fcomments&post=2798"}],"version-history":[{"count":11,"href":"https:\/\/www.yungayino.cl\/noticias\/index.php?rest_route=\/wp\/v2\/posts\/2798\/revisions"}],"predecessor-version":[{"id":2814,"href":"https:\/\/www.yungayino.cl\/noticias\/index.php?rest_route=\/wp\/v2\/posts\/2798\/revisions\/2814"}],"wp:featuredmedia":[{"embeddable":true,"href":"https:\/\/www.yungayino.cl\/noticias\/index.php?rest_route=\/wp\/v2\/media\/15208"}],"wp:attachment":[{"href":"https:\/\/www.yungayino.cl\/noticias\/index.php?rest_route=%2Fwp%2Fv2%2Fmedia&parent=2798"}],"wp:term":[{"taxonomy":"category","embeddable":true,"href":"https:\/\/www.yungayino.cl\/noticias\/index.php?rest_route=%2Fwp%2Fv2%2Fcategories&post=2798"},{"taxonomy":"post_tag","embeddable":true,"href":"https:\/\/www.yungayino.cl\/noticias\/index.php?rest_route=%2Fwp%2Fv2%2Ftags&post=2798"}],"curies":[{"name":"wp","href":"https:\/\/api.w.org\/{rel}","templated":true}]}}