{"id":27982,"date":"2023-03-11T16:00:03","date_gmt":"2023-03-11T20:00:03","guid":{"rendered":"http:\/\/www.yungayino.cl\/noticias\/?p=27982"},"modified":"2023-03-11T17:42:15","modified_gmt":"2023-03-11T21:42:15","slug":"junta-de-vecinos-valle-templado-de-yungay-realiza-ceremonia-de-lanzamiento-del-proyecto-de-seguridad-ciudadana","status":"publish","type":"post","link":"https:\/\/www.yungayino.cl\/noticias\/?p=27982","title":{"rendered":"\u201cJunta de Vecinos Valle Templado de Yungay\u201d Realiza Ceremonia de Lanzamiento del Proyecto de Seguridad Ciudadana"},"content":{"rendered":"<p><img loading=\"lazy\" decoding=\"async\" class=\"alignnone wp-image-27983 size-full\" src=\"http:\/\/www.yungayino.cl\/noticias\/wp-content\/uploads\/2023\/03\/portada-2.jpg\" alt=\"\" width=\"700\" height=\"350\" srcset=\"https:\/\/www.yungayino.cl\/noticias\/wp-content\/uploads\/2023\/03\/portada-2.jpg 700w, https:\/\/www.yungayino.cl\/noticias\/wp-content\/uploads\/2023\/03\/portada-2-300x150.jpg 300w\" sizes=\"auto, (max-width: 700px) 100vw, 700px\" \/><\/p>\n<p style=\"text-align: justify;\">Yungay, marzo 2023: La Junta de Vecinos Valle Templado de Yungay, realiz\u00f3 una Ceremonia de Lanzamiento del Proyecto de Seguridad Ciudadana: <strong>\u201cSigamos Caminando Tranquilos Te Sigo Vigilando Mi Valle Templado.<\/strong><\/p>\n<p style=\"text-align: justify;\">En la ocasi\u00f3n tambi\u00e9n particip\u00f3 Personal de la Cuarta Comisaria de Carabineros de Yungay adem\u00e1s del Sr. Patricio Padilla, Encargado de Seguridad Municipal, quienes realizaron Charlas informativas y preventivas del delito, donde interactuaron con preguntas con los asistentes.<\/p>\n<p style=\"text-align: justify;\"><strong>Ver\u00f3nica Pardo<\/strong>, Presidenta de la Junta de Vecinos, se\u00f1al\u00f3 al Equipo del Portal Yungayino.cl, que esta ceremonia es la segunda etapa de un proyecto que se adjudicaron por una subvenci\u00f3n con Fondos del Gobierno Regional de \u00d1uble, cuyo objetivo es erradicar la delincuencia y el consumo de alcohol y drogas de su territorio y a su vez disminuir la percepci\u00f3n de temor e inseguridad de las mujeres, hombres, ni\u00f1os, (as) y adultos mayores, mediante la instalaci\u00f3n de c\u00e1maras de seguridad. Tambi\u00e9n destac\u00f3 que el proyecto contempla la instalaci\u00f3n de 4 c\u00e1maras que se instalar\u00e1n en puntos estrat\u00e9gicos los cuales favorecer\u00e1n a los vecinos (as) de la Poblaci\u00f3n Alfredo Irarr\u00e1zaval, calles Germania e Ignacio Carrera Pinto y que sin duda ayudar\u00e1 a dar mayor tranquilidad a los vecinos (as).<\/p>\n<p style=\"text-align: justify;\">Finalmente se\u00f1alar que la actividad tambi\u00e9n cont\u00f3 con la asistencia del alcalde Rafael Cifuentes, el Diputado Felipe Cama\u00f1o, los Concejales Patricia Moncada y Fernando Cabezas, adem\u00e1s de Representante del Diputado Crist\u00f3bal Mart\u00ednez.<\/p>\n<p>&nbsp;<\/p>\n<p style=\"text-align: justify;\">[su_button url=\u00bbhttps:\/\/www.facebook.com\/media\/set\/?vanity=yungayino.cl&amp;set=a.6592553884092928&#8243; target=\u00bbblank\u00bb size=\u00bb7&#8243; radius=\u00bbround\u00bb icon=\u00bbicon: facebook-square\u00bb]FOTOGRAF\u00cdAS &#8211; \u201cJunta de Vecinos Valle Templado de Yungay\u201d Realiza Ceremonia de Lanzamiento del Proyecto de Seguridad Ciudadana[\/su_button]<\/p>\n","protected":false},"excerpt":{"rendered":"<p>Yungay, marzo 2023: La Junta de Vecinos Valle Templado de Yungay, realiz\u00f3 una Ceremonia de Lanzamiento del Proyecto de Seguridad Ciudadana: \u201cSigamos Caminando Tranquilos Te Sigo Vigilando Mi Valle Templado. En la ocasi\u00f3n tambi\u00e9n&#46;&#46;&#46;<\/p>\n","protected":false},"author":2,"featured_media":27983,"comment_status":"closed","ping_status":"open","sticky":false,"template":"","format":"standard","meta":{"footnotes":""},"categories":[1],"tags":[1606,1115,2767,2554,8,117],"class_list":["post-27982","post","type-post","status-publish","format-standard","has-post-thumbnail","hentry","category-noticias","tag-junta-de-vecinos","tag-noticias","tag-proyecto-seguridad-ciudadana","tag-valle-templado","tag-yungay","tag-yungayinocl"],"_links":{"self":[{"href":"https:\/\/www.yungayino.cl\/noticias\/index.php?rest_route=\/wp\/v2\/posts\/27982","targetHints":{"allow":["GET"]}}],"collection":[{"href":"https:\/\/www.yungayino.cl\/noticias\/index.php?rest_route=\/wp\/v2\/posts"}],"about":[{"href":"https:\/\/www.yungayino.cl\/noticias\/index.php?rest_route=\/wp\/v2\/types\/post"}],"author":[{"embeddable":true,"href":"https:\/\/www.yungayino.cl\/noticias\/index.php?rest_route=\/wp\/v2\/users\/2"}],"replies":[{"embeddable":true,"href":"https:\/\/www.yungayino.cl\/noticias\/index.php?rest_route=%2Fwp%2Fv2%2Fcomments&post=27982"}],"version-history":[{"count":3,"href":"https:\/\/www.yungayino.cl\/noticias\/index.php?rest_route=\/wp\/v2\/posts\/27982\/revisions"}],"predecessor-version":[{"id":27986,"href":"https:\/\/www.yungayino.cl\/noticias\/index.php?rest_route=\/wp\/v2\/posts\/27982\/revisions\/27986"}],"wp:featuredmedia":[{"embeddable":true,"href":"https:\/\/www.yungayino.cl\/noticias\/index.php?rest_route=\/wp\/v2\/media\/27983"}],"wp:attachment":[{"href":"https:\/\/www.yungayino.cl\/noticias\/index.php?rest_route=%2Fwp%2Fv2%2Fmedia&parent=27982"}],"wp:term":[{"taxonomy":"category","embeddable":true,"href":"https:\/\/www.yungayino.cl\/noticias\/index.php?rest_route=%2Fwp%2Fv2%2Fcategories&post=27982"},{"taxonomy":"post_tag","embeddable":true,"href":"https:\/\/www.yungayino.cl\/noticias\/index.php?rest_route=%2Fwp%2Fv2%2Ftags&post=27982"}],"curies":[{"name":"wp","href":"https:\/\/api.w.org\/{rel}","templated":true}]}}