{"id":27987,"date":"2023-03-12T13:00:36","date_gmt":"2023-03-12T17:00:36","guid":{"rendered":"http:\/\/www.yungayino.cl\/noticias\/?p=27987"},"modified":"2023-03-12T14:10:53","modified_gmt":"2023-03-12T18:10:53","slug":"municipio-conmemoro-dia-internacional-de-la-mujer-en-yungay","status":"publish","type":"post","link":"https:\/\/www.yungayino.cl\/noticias\/?p=27987","title":{"rendered":"Municipio Conmemor\u00f3 D\u00eda Internacional de la Mujer en Yungay"},"content":{"rendered":"<p><img loading=\"lazy\" decoding=\"async\" class=\"alignnone wp-image-27988 size-full\" src=\"http:\/\/www.yungayino.cl\/noticias\/wp-content\/uploads\/2023\/03\/portada-3.jpg\" alt=\"\" width=\"700\" height=\"350\" srcset=\"https:\/\/www.yungayino.cl\/noticias\/wp-content\/uploads\/2023\/03\/portada-3.jpg 700w, https:\/\/www.yungayino.cl\/noticias\/wp-content\/uploads\/2023\/03\/portada-3-300x150.jpg 300w\" sizes=\"auto, (max-width: 700px) 100vw, 700px\" \/><\/p>\n<p style=\"text-align: justify;\">Yungay, marzo 2023: El d\u00eda 8 de Marzo es el D\u00eda internacional de la Mujer, el cual fue proclamado oficialmente por la ONU en el a\u00f1o 2011, con el fin de reconocer el empoderamiento de la mujer y reivindicar el derecho a la igualdad.<\/p>\n<p style=\"text-align: justify;\">El Municipio de Yungay no quiso restarse de \u00e9sta importante conmemoraci\u00f3n y por eso este s\u00e1bado 11 de marzo realiz\u00f3 en el Gimnasio Multiuso una hermosa actividad que se inici\u00f3 con la recepci\u00f3n de todas las mujeres provenientes tanto de los sectores rurales como urbanos para los cuales el municipio dispuso locomoci\u00f3n gratis, y as\u00ed todas pudieran disfrutar un momento de alegr\u00eda y esparcimiento, para luego recibir el saludo del alcalde Rafael Cifuentes.<\/p>\n<p style=\"text-align: justify;\">En este importante evento se reconoci\u00f3 con la entrega de un galvano a las Mujeres que se han caracterizado por su compromiso con el desarrollo de la comuna, el cual fue entregado por los concejales Fernando Cabezas, Berta Cid, Patricia Moncada, la Directora de DIDECO Sra. Pamela Jelves y el alcalde Rafael Cifuentes.<\/p>\n<p style=\"text-align: justify;\">Sin embargo el momento m\u00e1s esperado fue cuando la animadora Sra. Yeanette Navarrete present\u00f3 al doble de Marc Anthony, quien cautiv\u00f3 a las mujeres presentes con su show, quienes disfrutaron de este grato momento.<\/p>\n<p style=\"text-align: justify;\">Finalmente destacar el trabajo de los funcionarios municipales, quienes fueron los encargados de la hermosa decoraci\u00f3n que luc\u00eda el gimnasio adem\u00e1s de la entrega de torta y bebida a todas las mujeres que asistieron al evento.<\/p>\n<p>&nbsp;<\/p>\n<p style=\"text-align: justify;\">[su_button url=\u00bbhttps:\/\/www.facebook.com\/media\/set\/?set=a.6592646410750342&amp;type=3&#8243; target=\u00bbblank\u00bb size=\u00bb7&#8243; radius=\u00bbround\u00bb icon=\u00bbicon: facebook-square\u00bb]FOTOGRAF\u00cdAS &#8211; Municipio Conmemor\u00f3 D\u00eda Internacional de la Mujer en Yungay[\/su_button]<\/p>\n","protected":false},"excerpt":{"rendered":"<p>Yungay, marzo 2023: El d\u00eda 8 de Marzo es el D\u00eda internacional de la Mujer, el cual fue proclamado oficialmente por la ONU en el a\u00f1o 2011, con el fin de reconocer el empoderamiento&#46;&#46;&#46;<\/p>\n","protected":false},"author":2,"featured_media":27988,"comment_status":"closed","ping_status":"open","sticky":false,"template":"","format":"standard","meta":{"footnotes":""},"categories":[1],"tags":[643,1115,8,6,117],"class_list":["post-27987","post","type-post","status-publish","format-standard","has-post-thumbnail","hentry","category-noticias","tag-dia-de-la-mujer","tag-noticias","tag-yungay","tag-yungayino","tag-yungayinocl"],"_links":{"self":[{"href":"https:\/\/www.yungayino.cl\/noticias\/index.php?rest_route=\/wp\/v2\/posts\/27987","targetHints":{"allow":["GET"]}}],"collection":[{"href":"https:\/\/www.yungayino.cl\/noticias\/index.php?rest_route=\/wp\/v2\/posts"}],"about":[{"href":"https:\/\/www.yungayino.cl\/noticias\/index.php?rest_route=\/wp\/v2\/types\/post"}],"author":[{"embeddable":true,"href":"https:\/\/www.yungayino.cl\/noticias\/index.php?rest_route=\/wp\/v2\/users\/2"}],"replies":[{"embeddable":true,"href":"https:\/\/www.yungayino.cl\/noticias\/index.php?rest_route=%2Fwp%2Fv2%2Fcomments&post=27987"}],"version-history":[{"count":4,"href":"https:\/\/www.yungayino.cl\/noticias\/index.php?rest_route=\/wp\/v2\/posts\/27987\/revisions"}],"predecessor-version":[{"id":27992,"href":"https:\/\/www.yungayino.cl\/noticias\/index.php?rest_route=\/wp\/v2\/posts\/27987\/revisions\/27992"}],"wp:featuredmedia":[{"embeddable":true,"href":"https:\/\/www.yungayino.cl\/noticias\/index.php?rest_route=\/wp\/v2\/media\/27988"}],"wp:attachment":[{"href":"https:\/\/www.yungayino.cl\/noticias\/index.php?rest_route=%2Fwp%2Fv2%2Fmedia&parent=27987"}],"wp:term":[{"taxonomy":"category","embeddable":true,"href":"https:\/\/www.yungayino.cl\/noticias\/index.php?rest_route=%2Fwp%2Fv2%2Fcategories&post=27987"},{"taxonomy":"post_tag","embeddable":true,"href":"https:\/\/www.yungayino.cl\/noticias\/index.php?rest_route=%2Fwp%2Fv2%2Ftags&post=27987"}],"curies":[{"name":"wp","href":"https:\/\/api.w.org\/{rel}","templated":true}]}}