{"id":27993,"date":"2023-03-14T19:00:31","date_gmt":"2023-03-14T23:00:31","guid":{"rendered":"http:\/\/www.yungayino.cl\/noticias\/?p=27993"},"modified":"2023-03-15T12:55:30","modified_gmt":"2023-03-15T16:55:30","slug":"240-familias-de-comite-de-vivienda-villa-futuro-de-campanario-veran-su-sueno-hecho-realidad-entregan-resolucion-que-asigna-los-recursos-para-la-construccion-de-sus-viviendas","status":"publish","type":"post","link":"https:\/\/www.yungayino.cl\/noticias\/?p=27993","title":{"rendered":"240 Familias de Comit\u00e9 de Vivienda \u201cVilla Futuro de Campanario\u201d Ver\u00e1n Su Sue\u00f1o Hecho Realidad, Entregan Resoluci\u00f3n Que Asigna Los Recursos Para La Construcci\u00f3n de Sus Viviendas"},"content":{"rendered":"<p><img loading=\"lazy\" decoding=\"async\" class=\"alignnone wp-image-27994 size-full\" src=\"http:\/\/www.yungayino.cl\/noticias\/wp-content\/uploads\/2023\/03\/portada-4.jpg\" alt=\"\" width=\"700\" height=\"350\" srcset=\"https:\/\/www.yungayino.cl\/noticias\/wp-content\/uploads\/2023\/03\/portada-4.jpg 700w, https:\/\/www.yungayino.cl\/noticias\/wp-content\/uploads\/2023\/03\/portada-4-300x150.jpg 300w\" sizes=\"auto, (max-width: 700px) 100vw, 700px\" \/><\/p>\n<p style=\"text-align: justify;\">Yungay, 14 de marzo 2023: Esta importante y anhelada noticia fue entregada por la primera autoridad comunal Alcalde Rafael Cifuentes Rodr\u00edguez junto al SEREMI del MINVU \u00d1uble, Sr. Antonio Marchant, adem\u00e1s de Concejala Sra. Patricia Moncada, Directora DIDECO Sra. Pamela Jelves y el Encargado de vivienda comunal Sr. Miguel Badilla a las Dirigentes del Comit\u00e9 Futuro de Campanario, Presidenta, Sra. M\u00f3nica Carrasco y Tesorera Sra. Ana Tapia, destacando que este es el primer proyecto de un conjunto habitacional en la localidad, lo que significa un importante progreso en esta materia para estas 240 Familias de la comunidad Campanarina.<\/p>\n<p style=\"text-align: justify;\">Bajo la Resoluci\u00f3n Exenta N\u00ba 600 del 14 de marzo de 2023, el Ministerio de Vivienda y Urbanismo confirm\u00f3 el financiamiento de 240 subsidios habitacionales para el Megaproyecto de Villa Futuro de Campanario.<\/p>\n<p style=\"text-align: justify;\">\u201cEste es el primer proyecto de 2023 beneficiado con un subsidio habitacional en la regi\u00f3n, una gran noticia para la comuna de Yungay y especialmente para la localidad de Campanario\u201d se\u00f1al\u00f3 al Equipo del Portal Yungayino.cl el Seremi, <strong>Antonio Marchant<\/strong>, quien ha demostrado un f\u00e9rreo apoyo a la comuna en materia de vivienda, \u201cEstamos construyendo 252 casas para Villa Yungay y Villa Rep\u00fablica, pr\u00f3ximos a comenzar con la construcci\u00f3n de 248 viviendas en Jardines de Ega\u00f1a, y hoy estamos entregando subsidios a 240 familias de Campanario, demostrando el gran trabajo del equipo municipal y regional\u201d a\u00f1adi\u00f3.<\/p>\n<p style=\"text-align: justify;\">Por su parte, la dirigente <strong>M\u00f3nica Carrasco Ulloa<\/strong> coment\u00f3 \u201cha sido un trabajo duro de 20 a\u00f1os para nuestros miembros, por lo mismo nos emociona y necesitamos agradecer el apoyo incondicional del seremi de vivienda, quien desde que lleg\u00f3 demostr\u00f3 su compromiso con nosotros, el apoyo de nuestro alcalde y el trabajo del encargado de vivienda, Miguel Badilla, gracias a la EGIS tambi\u00e9n, hoy estamos m\u00e1s cerca de tener las llaves de nuestros hogares\u201d.<\/p>\n<p style=\"text-align: justify;\">\u201cEste es un gran hito para nuestra comuna. La directiva del comit\u00e9 ha demostrado gran paciencia y perseverancia. Muchos no creyeron en el proyecto e incluso casi se nos esfuma pero hoy celebramos esta gran noticia\u201d se\u00f1al\u00f3 la primera autoridad comunal, <strong>Rafael Cifuentes Rodr\u00edguez<\/strong>. \u201cNo hay felicidad m\u00e1s grande que lograr la casa propia y por eso agradecemos al seremi de vivienda por su compromiso y tambi\u00e9n al gobierno del presidente Gabriel Boric, por haber beneficiado a la regi\u00f3n y especialmente a nuestra comuna una vez m\u00e1s, contribuyendo a mejorar la calidad de vida de nuestros vecinos y vecinas\u201d.<\/p>\n<p>&nbsp;<\/p>\n<p style=\"padding-left: 160px;\"><iframe loading=\"lazy\" style=\"border: none; overflow: hidden;\" src=\"https:\/\/www.facebook.com\/plugins\/video.php?height=476&amp;href=https%3A%2F%2Fwww.facebook.com%2Fyungayino.cl%2Fvideos%2F935519904533922%2F&amp;show_text=false&amp;width=267&amp;t=0\" width=\"267\" height=\"476\" frameborder=\"0\" scrolling=\"no\" allowfullscreen=\"allowfullscreen\"><\/iframe><\/p>\n<p>&nbsp;<\/p>\n<p><img loading=\"lazy\" decoding=\"async\" class=\"alignnone wp-image-27995 size-large aligncenter\" src=\"http:\/\/www.yungayino.cl\/noticias\/wp-content\/uploads\/2023\/03\/1-1024x683.jpg\" alt=\"\" width=\"1024\" height=\"683\" srcset=\"https:\/\/www.yungayino.cl\/noticias\/wp-content\/uploads\/2023\/03\/1-1024x683.jpg 1024w, https:\/\/www.yungayino.cl\/noticias\/wp-content\/uploads\/2023\/03\/1-300x200.jpg 300w, https:\/\/www.yungayino.cl\/noticias\/wp-content\/uploads\/2023\/03\/1-225x150.jpg 225w, https:\/\/www.yungayino.cl\/noticias\/wp-content\/uploads\/2023\/03\/1-1536x1024.jpg 1536w, https:\/\/www.yungayino.cl\/noticias\/wp-content\/uploads\/2023\/03\/1.jpg 2048w\" sizes=\"auto, (max-width: 1024px) 100vw, 1024px\" \/><\/p>\n<p>&nbsp;<\/p>\n<p><img loading=\"lazy\" decoding=\"async\" class=\"alignnone wp-image-27996 size-large\" src=\"http:\/\/www.yungayino.cl\/noticias\/wp-content\/uploads\/2023\/03\/2-1024x683.jpg\" alt=\"\" width=\"1024\" height=\"683\" srcset=\"https:\/\/www.yungayino.cl\/noticias\/wp-content\/uploads\/2023\/03\/2-1024x683.jpg 1024w, https:\/\/www.yungayino.cl\/noticias\/wp-content\/uploads\/2023\/03\/2-300x200.jpg 300w, https:\/\/www.yungayino.cl\/noticias\/wp-content\/uploads\/2023\/03\/2-225x150.jpg 225w, https:\/\/www.yungayino.cl\/noticias\/wp-content\/uploads\/2023\/03\/2-1536x1024.jpg 1536w, https:\/\/www.yungayino.cl\/noticias\/wp-content\/uploads\/2023\/03\/2.jpg 2048w\" sizes=\"auto, (max-width: 1024px) 100vw, 1024px\" \/><\/p>\n","protected":false},"excerpt":{"rendered":"<p>Yungay, 14 de marzo 2023: Esta importante y anhelada noticia fue entregada por la primera autoridad comunal Alcalde Rafael Cifuentes Rodr\u00edguez junto al SEREMI del MINVU \u00d1uble, Sr. Antonio Marchant, adem\u00e1s de Concejala Sra.&#46;&#46;&#46;<\/p>\n","protected":false},"author":2,"featured_media":27994,"comment_status":"closed","ping_status":"open","sticky":false,"template":"","format":"standard","meta":{"footnotes":""},"categories":[1],"tags":[31,1115,2768,1726,8,6,117],"class_list":["post-27993","post","type-post","status-publish","format-standard","has-post-thumbnail","hentry","category-noticias","tag-campanario","tag-noticias","tag-villa-futuro","tag-viviendas","tag-yungay","tag-yungayino","tag-yungayinocl"],"_links":{"self":[{"href":"https:\/\/www.yungayino.cl\/noticias\/index.php?rest_route=\/wp\/v2\/posts\/27993","targetHints":{"allow":["GET"]}}],"collection":[{"href":"https:\/\/www.yungayino.cl\/noticias\/index.php?rest_route=\/wp\/v2\/posts"}],"about":[{"href":"https:\/\/www.yungayino.cl\/noticias\/index.php?rest_route=\/wp\/v2\/types\/post"}],"author":[{"embeddable":true,"href":"https:\/\/www.yungayino.cl\/noticias\/index.php?rest_route=\/wp\/v2\/users\/2"}],"replies":[{"embeddable":true,"href":"https:\/\/www.yungayino.cl\/noticias\/index.php?rest_route=%2Fwp%2Fv2%2Fcomments&post=27993"}],"version-history":[{"count":7,"href":"https:\/\/www.yungayino.cl\/noticias\/index.php?rest_route=\/wp\/v2\/posts\/27993\/revisions"}],"predecessor-version":[{"id":28003,"href":"https:\/\/www.yungayino.cl\/noticias\/index.php?rest_route=\/wp\/v2\/posts\/27993\/revisions\/28003"}],"wp:featuredmedia":[{"embeddable":true,"href":"https:\/\/www.yungayino.cl\/noticias\/index.php?rest_route=\/wp\/v2\/media\/27994"}],"wp:attachment":[{"href":"https:\/\/www.yungayino.cl\/noticias\/index.php?rest_route=%2Fwp%2Fv2%2Fmedia&parent=27993"}],"wp:term":[{"taxonomy":"category","embeddable":true,"href":"https:\/\/www.yungayino.cl\/noticias\/index.php?rest_route=%2Fwp%2Fv2%2Fcategories&post=27993"},{"taxonomy":"post_tag","embeddable":true,"href":"https:\/\/www.yungayino.cl\/noticias\/index.php?rest_route=%2Fwp%2Fv2%2Ftags&post=27993"}],"curies":[{"name":"wp","href":"https:\/\/api.w.org\/{rel}","templated":true}]}}