{"id":28005,"date":"2023-03-14T21:00:15","date_gmt":"2023-03-15T01:00:15","guid":{"rendered":"http:\/\/www.yungayino.cl\/noticias\/?p=28005"},"modified":"2023-03-14T21:51:55","modified_gmt":"2023-03-15T01:51:55","slug":"en-yungay-inauguran-feria-costumbrista-2023","status":"publish","type":"post","link":"https:\/\/www.yungayino.cl\/noticias\/?p=28005","title":{"rendered":"En Yungay Inauguran Feria Costumbrista 2023"},"content":{"rendered":"<p><img loading=\"lazy\" decoding=\"async\" class=\"alignnone wp-image-28006 size-full\" src=\"http:\/\/www.yungayino.cl\/noticias\/wp-content\/uploads\/2023\/03\/portada-1-1.jpg\" alt=\"\" width=\"700\" height=\"350\" srcset=\"https:\/\/www.yungayino.cl\/noticias\/wp-content\/uploads\/2023\/03\/portada-1-1.jpg 700w, https:\/\/www.yungayino.cl\/noticias\/wp-content\/uploads\/2023\/03\/portada-1-1-300x150.jpg 300w\" sizes=\"auto, (max-width: 700px) 100vw, 700px\" \/><\/p>\n<p style=\"text-align: justify;\">Yungay, marzo 2023: Como ya es tradici\u00f3n al mediod\u00eda de hoy se realiz\u00f3 un acto de inauguraci\u00f3n de una nueva versi\u00f3n de la Feria Costumbrista Yungay 2023, la que sin duda es una de las m\u00e1s grandes y concurridas de la Regi\u00f3n de \u00d1uble, y tambi\u00e9n conocida en distintos puntos de nuestro pa\u00eds, donde el objetivo es brindar un espacio para artesanos, artistas, emprendedores y productores para exhibir, vender y promocionar sus productos con identidad cultural y campesina.<\/p>\n<p style=\"text-align: justify;\">La ceremonia de inauguraci\u00f3n estuvo liderada por el alcalde Rafael Cifuentes y su Consejo Municipal, adem\u00e1s de la Seremi de Gobierno Valentina Pradenas, el Seremi de Econom\u00eda, Erick Solo De Zald\u00edvar, la Seremi de las Culturas, Artes y el Patrimonio, Scarlet Hidalgo Jara, el Coordinador Regional de la SUBDERE, Eric B\u00fchring, Autoridades Locales, Dirigentes, Vecinos y Vecinas.<\/p>\n<p style=\"text-align: justify;\">Destacar que durante la instancia se realiz\u00f3 un reconocimiento al trabajo de las organizaciones culturales y campesinas que cada temporada nos representan en diversas instancias celebrando fiestas tradicionales.<\/p>\n<p style=\"text-align: justify;\">Finalmente destacar que la feria se lleva a cabo desde el 13 al 19 de marzo en la Plaza Iquique de nuestra ciudad, siendo esta una gran oportunidad de mantener nuestras costumbres y tradiciones, adem\u00e1s de apoyar a nuestros emprendedores.<\/p>\n<p>&nbsp;<\/p>\n<p style=\"text-align: justify;\">[su_button url=\u00bbhttps:\/\/www.facebook.com\/media\/set\/?vanity=yungayino.cl&amp;set=a.6603275229687460&#8243; target=\u00bbblank\u00bb size=\u00bb7&#8243; radius=\u00bbround\u00bb icon=\u00bbicon: facebook-square\u00bb]FOTOGRAF\u00cdAS &#8211; En Yungay Inauguran Feria Costumbrista 2023[\/su_button]<\/p>\n","protected":false},"excerpt":{"rendered":"<p>Yungay, marzo 2023: Como ya es tradici\u00f3n al mediod\u00eda de hoy se realiz\u00f3 un acto de inauguraci\u00f3n de una nueva versi\u00f3n de la Feria Costumbrista Yungay 2023, la que sin duda es una de&#46;&#46;&#46;<\/p>\n","protected":false},"author":2,"featured_media":28006,"comment_status":"closed","ping_status":"open","sticky":false,"template":"","format":"standard","meta":{"footnotes":""},"categories":[1],"tags":[24,1115,8,6,117],"class_list":["post-28005","post","type-post","status-publish","format-standard","has-post-thumbnail","hentry","category-noticias","tag-feria-costumbrista","tag-noticias","tag-yungay","tag-yungayino","tag-yungayinocl"],"_links":{"self":[{"href":"https:\/\/www.yungayino.cl\/noticias\/index.php?rest_route=\/wp\/v2\/posts\/28005","targetHints":{"allow":["GET"]}}],"collection":[{"href":"https:\/\/www.yungayino.cl\/noticias\/index.php?rest_route=\/wp\/v2\/posts"}],"about":[{"href":"https:\/\/www.yungayino.cl\/noticias\/index.php?rest_route=\/wp\/v2\/types\/post"}],"author":[{"embeddable":true,"href":"https:\/\/www.yungayino.cl\/noticias\/index.php?rest_route=\/wp\/v2\/users\/2"}],"replies":[{"embeddable":true,"href":"https:\/\/www.yungayino.cl\/noticias\/index.php?rest_route=%2Fwp%2Fv2%2Fcomments&post=28005"}],"version-history":[{"count":3,"href":"https:\/\/www.yungayino.cl\/noticias\/index.php?rest_route=\/wp\/v2\/posts\/28005\/revisions"}],"predecessor-version":[{"id":28009,"href":"https:\/\/www.yungayino.cl\/noticias\/index.php?rest_route=\/wp\/v2\/posts\/28005\/revisions\/28009"}],"wp:featuredmedia":[{"embeddable":true,"href":"https:\/\/www.yungayino.cl\/noticias\/index.php?rest_route=\/wp\/v2\/media\/28006"}],"wp:attachment":[{"href":"https:\/\/www.yungayino.cl\/noticias\/index.php?rest_route=%2Fwp%2Fv2%2Fmedia&parent=28005"}],"wp:term":[{"taxonomy":"category","embeddable":true,"href":"https:\/\/www.yungayino.cl\/noticias\/index.php?rest_route=%2Fwp%2Fv2%2Fcategories&post=28005"},{"taxonomy":"post_tag","embeddable":true,"href":"https:\/\/www.yungayino.cl\/noticias\/index.php?rest_route=%2Fwp%2Fv2%2Ftags&post=28005"}],"curies":[{"name":"wp","href":"https:\/\/api.w.org\/{rel}","templated":true}]}}