{"id":28026,"date":"2023-03-15T12:00:12","date_gmt":"2023-03-15T16:00:12","guid":{"rendered":"http:\/\/www.yungayino.cl\/noticias\/?p=28026"},"modified":"2023-03-15T14:18:59","modified_gmt":"2023-03-15T18:18:59","slug":"comienza-a-funcionar-el-primer-vehiculo-exclusivo-de-seguridad-ciudadana-e-inspeccion-municipal-de-yungay","status":"publish","type":"post","link":"https:\/\/www.yungayino.cl\/noticias\/?p=28026","title":{"rendered":"Comienza a Funcionar el Primer Veh\u00edculo Exclusivo de Seguridad Ciudadana e Inspecci\u00f3n Municipal de Yungay"},"content":{"rendered":"<p><img loading=\"lazy\" decoding=\"async\" class=\"alignnone wp-image-28028 size-full\" src=\"http:\/\/www.yungayino.cl\/noticias\/wp-content\/uploads\/2023\/03\/camioneta.jpg\" alt=\"\" width=\"700\" height=\"350\" srcset=\"https:\/\/www.yungayino.cl\/noticias\/wp-content\/uploads\/2023\/03\/camioneta.jpg 700w, https:\/\/www.yungayino.cl\/noticias\/wp-content\/uploads\/2023\/03\/camioneta-300x150.jpg 300w\" sizes=\"auto, (max-width: 700px) 100vw, 700px\" \/><\/p>\n<p style=\"text-align: justify;\">Yungay, marzo 2023: Comenz\u00f3 a operar en la comuna el primero de dos veh\u00edculos destinados exclusivamente a la oficina de Seguridad P\u00fablica e Inspecci\u00f3n Municipal: una camioneta 4&#215;4 de marca FORD, equipada con baliza, radio, c\u00e1mara, alarma, meg\u00e1fono e iluminaci\u00f3n. El m\u00f3vil fue adquirido con recursos municipales.<\/p>\n<p style=\"text-align: justify;\">\u00abHoy estamos respondiendo a una necesidad muy importante para nuestros vecinos y vecinas. Estamos muy contentos con la implementaci\u00f3n de este veh\u00edculo que tendr\u00e1 la dedicaci\u00f3n exclusiva para fortalecer el trabajo de seguridad que realiza nuestra oficina municipal y que act\u00faa en conjunto con Carabineros y las organizaciones comunitarias\u00bb precis\u00f3 el jefe comunal, Rafael Cifuentes Rodr\u00edguez.<\/p>\n<p>&nbsp;<\/p>\n<p><img loading=\"lazy\" decoding=\"async\" class=\"alignnone wp-image-28027 size-full\" src=\"http:\/\/www.yungayino.cl\/noticias\/wp-content\/uploads\/2023\/03\/camioneta-1.jpg\" alt=\"\" width=\"700\" height=\"525\" srcset=\"https:\/\/www.yungayino.cl\/noticias\/wp-content\/uploads\/2023\/03\/camioneta-1.jpg 700w, https:\/\/www.yungayino.cl\/noticias\/wp-content\/uploads\/2023\/03\/camioneta-1-300x225.jpg 300w, https:\/\/www.yungayino.cl\/noticias\/wp-content\/uploads\/2023\/03\/camioneta-1-200x150.jpg 200w\" sizes=\"auto, (max-width: 700px) 100vw, 700px\" \/><\/p>\n","protected":false},"excerpt":{"rendered":"<p>Yungay, marzo 2023: Comenz\u00f3 a operar en la comuna el primero de dos veh\u00edculos destinados exclusivamente a la oficina de Seguridad P\u00fablica e Inspecci\u00f3n Municipal: una camioneta 4&#215;4 de marca FORD, equipada con baliza,&#46;&#46;&#46;<\/p>\n","protected":false},"author":2,"featured_media":28028,"comment_status":"closed","ping_status":"open","sticky":false,"template":"","format":"standard","meta":{"footnotes":""},"categories":[1],"tags":[787,1115,2774,8,6,117],"class_list":["post-28026","post","type-post","status-publish","format-standard","has-post-thumbnail","hentry","category-noticias","tag-camioneta","tag-noticias","tag-vehiculo-seguridad","tag-yungay","tag-yungayino","tag-yungayinocl"],"_links":{"self":[{"href":"https:\/\/www.yungayino.cl\/noticias\/index.php?rest_route=\/wp\/v2\/posts\/28026","targetHints":{"allow":["GET"]}}],"collection":[{"href":"https:\/\/www.yungayino.cl\/noticias\/index.php?rest_route=\/wp\/v2\/posts"}],"about":[{"href":"https:\/\/www.yungayino.cl\/noticias\/index.php?rest_route=\/wp\/v2\/types\/post"}],"author":[{"embeddable":true,"href":"https:\/\/www.yungayino.cl\/noticias\/index.php?rest_route=\/wp\/v2\/users\/2"}],"replies":[{"embeddable":true,"href":"https:\/\/www.yungayino.cl\/noticias\/index.php?rest_route=%2Fwp%2Fv2%2Fcomments&post=28026"}],"version-history":[{"count":1,"href":"https:\/\/www.yungayino.cl\/noticias\/index.php?rest_route=\/wp\/v2\/posts\/28026\/revisions"}],"predecessor-version":[{"id":28029,"href":"https:\/\/www.yungayino.cl\/noticias\/index.php?rest_route=\/wp\/v2\/posts\/28026\/revisions\/28029"}],"wp:featuredmedia":[{"embeddable":true,"href":"https:\/\/www.yungayino.cl\/noticias\/index.php?rest_route=\/wp\/v2\/media\/28028"}],"wp:attachment":[{"href":"https:\/\/www.yungayino.cl\/noticias\/index.php?rest_route=%2Fwp%2Fv2%2Fmedia&parent=28026"}],"wp:term":[{"taxonomy":"category","embeddable":true,"href":"https:\/\/www.yungayino.cl\/noticias\/index.php?rest_route=%2Fwp%2Fv2%2Fcategories&post=28026"},{"taxonomy":"post_tag","embeddable":true,"href":"https:\/\/www.yungayino.cl\/noticias\/index.php?rest_route=%2Fwp%2Fv2%2Ftags&post=28026"}],"curies":[{"name":"wp","href":"https:\/\/api.w.org\/{rel}","templated":true}]}}