{"id":28031,"date":"2023-03-16T10:00:38","date_gmt":"2023-03-16T14:00:38","guid":{"rendered":"http:\/\/www.yungayino.cl\/noticias\/?p=28031"},"modified":"2023-03-16T10:26:18","modified_gmt":"2023-03-16T14:26:18","slug":"con-folcloristas-y-payadores-se-dio-inicio-a-una-nueva-version-de-la-feria-costumbrista-2023-en-yungay","status":"publish","type":"post","link":"https:\/\/www.yungayino.cl\/noticias\/?p=28031","title":{"rendered":"Con Folcloristas y Payadores se Dio Inicio a Una Nueva Versi\u00f3n de la Feria Costumbrista 2023 en Yungay"},"content":{"rendered":"<p><img loading=\"lazy\" decoding=\"async\" class=\"alignnone wp-image-28032 size-full\" src=\"http:\/\/www.yungayino.cl\/noticias\/wp-content\/uploads\/2023\/03\/portada-5.jpg\" alt=\"\" width=\"700\" height=\"351\" srcset=\"https:\/\/www.yungayino.cl\/noticias\/wp-content\/uploads\/2023\/03\/portada-5.jpg 700w, https:\/\/www.yungayino.cl\/noticias\/wp-content\/uploads\/2023\/03\/portada-5-300x150.jpg 300w, https:\/\/www.yungayino.cl\/noticias\/wp-content\/uploads\/2023\/03\/portada-5-299x150.jpg 299w\" sizes=\"auto, (max-width: 700px) 100vw, 700px\" \/><\/p>\n<p style=\"text-align: justify;\">Yungay, marzo 2023: Se dio inicio a una nueva versi\u00f3n de la Feria Costumbrista Yungay 2023, la cual desde el a\u00f1o 2003 en nuestra comuna ha destacado el trabajo de artesanas y artesanos proveniente de nuestra comuna y otras regiones.<\/p>\n<p style=\"text-align: justify;\">La jornada comenz\u00f3 a las 20:00 horas en el Ode\u00f3n de la Plaza Iquique donde se presentaron los destacados Folcloristas y Payadores nacionales Fernando Y\u00e1\u00f1ez, Leo Castro, Manuel S\u00e1nchez y V\u00edctor Quintana, quienes deleitaron e hicieron participar al p\u00fablico presente con su picard\u00eda e improvisadas payas que los caracteriza, adem\u00e1s de interpretar cuecas para que el p\u00fablico disfrutara de nuestro baile nacional. Tambi\u00e9n en la ocasi\u00f3n subieron al escenario el Grupo Los de la Ca\u00f1ada, quienes cantaron unas cuecas junto a Fernando Y\u00e1\u00f1ez.<\/p>\n<p style=\"text-align: justify;\">Finalmente destacar que en los stands que se encuentran ubicados en la plaza podr\u00e1n encontrar variedad de productos como artesan\u00eda en madera, cuero, lana, vinos, cervezas, reposter\u00eda, jugos, plantas, cerveza, mote con huesillos, mermeladas, miel, caf\u00e9 de trigo y muchos productos m\u00e1s, adem\u00e1s en las cociner\u00edas, que se encuentran ubicadas en la cancha del sal\u00f3n multiuso, podr\u00e1n compartir junto a sus familias y amigos ricas preparaciones de comidas t\u00edpicas en cada jornada, la cual se extender\u00e1 hasta el domingo 19 acompa\u00f1ado de un variado programa art\u00cdstistico organizado por la Ilustre Municipalidad.<\/p>\n<p>&nbsp;<\/p>\n<p style=\"text-align: justify;\">[su_button url=\u00bbhttps:\/\/www.facebook.com\/media\/set\/?vanity=yungayino.cl&amp;set=a.6608301122518204&#8243; target=\u00bbblank\u00bb size=\u00bb7&#8243; radius=\u00bbround\u00bb icon=\u00bbicon: facebook-square\u00bb]FOTOGRAF\u00cdAS &#8211; Con Folcloristas y Payadores se Dio Inicio a Una Nueva Versi\u00f3n de la Feria Costumbrista 2023 en Yungay[\/su_button]<\/p>\n","protected":false},"excerpt":{"rendered":"<p>Yungay, marzo 2023: Se dio inicio a una nueva versi\u00f3n de la Feria Costumbrista Yungay 2023, la cual desde el a\u00f1o 2003 en nuestra comuna ha destacado el trabajo de artesanas y artesanos proveniente&#46;&#46;&#46;<\/p>\n","protected":false},"author":2,"featured_media":28032,"comment_status":"closed","ping_status":"open","sticky":false,"template":"","format":"standard","meta":{"footnotes":""},"categories":[1],"tags":[24,1115,8,6,117],"class_list":["post-28031","post","type-post","status-publish","format-standard","has-post-thumbnail","hentry","category-noticias","tag-feria-costumbrista","tag-noticias","tag-yungay","tag-yungayino","tag-yungayinocl"],"_links":{"self":[{"href":"https:\/\/www.yungayino.cl\/noticias\/index.php?rest_route=\/wp\/v2\/posts\/28031","targetHints":{"allow":["GET"]}}],"collection":[{"href":"https:\/\/www.yungayino.cl\/noticias\/index.php?rest_route=\/wp\/v2\/posts"}],"about":[{"href":"https:\/\/www.yungayino.cl\/noticias\/index.php?rest_route=\/wp\/v2\/types\/post"}],"author":[{"embeddable":true,"href":"https:\/\/www.yungayino.cl\/noticias\/index.php?rest_route=\/wp\/v2\/users\/2"}],"replies":[{"embeddable":true,"href":"https:\/\/www.yungayino.cl\/noticias\/index.php?rest_route=%2Fwp%2Fv2%2Fcomments&post=28031"}],"version-history":[{"count":4,"href":"https:\/\/www.yungayino.cl\/noticias\/index.php?rest_route=\/wp\/v2\/posts\/28031\/revisions"}],"predecessor-version":[{"id":28036,"href":"https:\/\/www.yungayino.cl\/noticias\/index.php?rest_route=\/wp\/v2\/posts\/28031\/revisions\/28036"}],"wp:featuredmedia":[{"embeddable":true,"href":"https:\/\/www.yungayino.cl\/noticias\/index.php?rest_route=\/wp\/v2\/media\/28032"}],"wp:attachment":[{"href":"https:\/\/www.yungayino.cl\/noticias\/index.php?rest_route=%2Fwp%2Fv2%2Fmedia&parent=28031"}],"wp:term":[{"taxonomy":"category","embeddable":true,"href":"https:\/\/www.yungayino.cl\/noticias\/index.php?rest_route=%2Fwp%2Fv2%2Fcategories&post=28031"},{"taxonomy":"post_tag","embeddable":true,"href":"https:\/\/www.yungayino.cl\/noticias\/index.php?rest_route=%2Fwp%2Fv2%2Ftags&post=28031"}],"curies":[{"name":"wp","href":"https:\/\/api.w.org\/{rel}","templated":true}]}}