{"id":28037,"date":"2023-03-17T13:00:48","date_gmt":"2023-03-17T17:00:48","guid":{"rendered":"http:\/\/www.yungayino.cl\/noticias\/?p=28037"},"modified":"2023-03-17T13:10:15","modified_gmt":"2023-03-17T17:10:15","slug":"segunda-jornada-de-xix-feria-costumbrista-en-yungay","status":"publish","type":"post","link":"https:\/\/www.yungayino.cl\/noticias\/?p=28037","title":{"rendered":"Segunda Jornada de XIX Feria Costumbrista en Yungay"},"content":{"rendered":"<p><img loading=\"lazy\" decoding=\"async\" class=\"alignnone wp-image-28038 size-full\" src=\"http:\/\/www.yungayino.cl\/noticias\/wp-content\/uploads\/2023\/03\/portada-6.jpg\" alt=\"\" width=\"700\" height=\"350\" srcset=\"https:\/\/www.yungayino.cl\/noticias\/wp-content\/uploads\/2023\/03\/portada-6.jpg 700w, https:\/\/www.yungayino.cl\/noticias\/wp-content\/uploads\/2023\/03\/portada-6-300x150.jpg 300w\" sizes=\"auto, (max-width: 700px) 100vw, 700px\" \/><\/p>\n<p style=\"text-align: justify;\">Yungay, marzo 2023: En el Gimnasio Multiuso se llev\u00f3 a cabo esta segunda jornada, la cual cont\u00f3 con la animaci\u00f3n de Franco Henr\u00edquez, qui\u00e9n present\u00f3 en primer lugar a la Agrupaci\u00f3n Folcl\u00f3rica <strong>Andalikan<\/strong>, grupo que fomenta y cultiva el folclor y cultura chilena en los adultos mayores de nuestra comuna, cuyo monitor es Carlos Gonz\u00e1lez y cuenta con 38 integrantes.<\/p>\n<p style=\"text-align: justify;\">La agrupaci\u00f3n recibi\u00f3 los aplausos en reconocimiento a su destacada presentaci\u00f3n del p\u00fablico asistente, adem\u00e1s las autoridades presentes hicieron entrega de un galvano por su participaci\u00f3n en esta nueva versi\u00f3n de la feria costumbrista.<\/p>\n<p style=\"text-align: justify;\">Luego fue el turno de la Agrupaci\u00f3n <strong>De Taco Punta y Espuela<\/strong>, la cual se inici\u00f3 en la comuna de Pemuco en el a\u00f1o 2018, con el fin de preservar nuestras ra\u00edces y tradiciones, entregando conocimientos y t\u00e9cnicas de nuestra danza nacional e inculcando en cada presentaci\u00f3n valores como el compa\u00f1erismo, el esfuerzo y la perseverancia. Destacar la presentaci\u00f3n y puesta coreogr\u00e1fica donde los bailarines (as) mostraron su destreza, coordinaci\u00f3n, fuerza y sentimiento en cada comp\u00e1s de cueca.<\/p>\n<p style=\"text-align: justify;\">Finalmente se present\u00f3 <strong>Cantares de Yungay<\/strong>, quienes con sus 14 a\u00f1os de trayectoria art\u00edstica, esfuerzo, compromiso y dedicaci\u00f3n desarrollaron una impecable presentaci\u00f3n de danzas alegres y picarescas de la zona central todo con el objetivo de seguir rescatando, fomentando y difundiendo nuestro folklor, recibiendo el reconocimiento del p\u00fablico y autoridades, quienes hicieron entrega de un galvano por su destacada participaci\u00f3n.<\/p>\n<p>&nbsp;<\/p>\n<p style=\"text-align: justify;\">[su_button url=\u00bbhttps:\/\/www.facebook.com\/media\/set\/?vanity=yungayino.cl&amp;set=a.6611652872183029&#8243; target=\u00bbblank\u00bb size=\u00bb7&#8243; radius=\u00bbround\u00bb icon=\u00bbicon: facebook-square\u00bb]FOTOGRAF\u00cdAS &#8211; Segunda Jornada de XIX Feria Costumbrista en Yungay[\/su_button]<\/p>\n","protected":false},"excerpt":{"rendered":"<p>Yungay, marzo 2023: En el Gimnasio Multiuso se llev\u00f3 a cabo esta segunda jornada, la cual cont\u00f3 con la animaci\u00f3n de Franco Henr\u00edquez, qui\u00e9n present\u00f3 en primer lugar a la Agrupaci\u00f3n Folcl\u00f3rica Andalikan, grupo&#46;&#46;&#46;<\/p>\n","protected":false},"author":2,"featured_media":28038,"comment_status":"closed","ping_status":"open","sticky":false,"template":"","format":"standard","meta":{"footnotes":""},"categories":[1],"tags":[24,1115,8,6,117],"class_list":["post-28037","post","type-post","status-publish","format-standard","has-post-thumbnail","hentry","category-noticias","tag-feria-costumbrista","tag-noticias","tag-yungay","tag-yungayino","tag-yungayinocl"],"_links":{"self":[{"href":"https:\/\/www.yungayino.cl\/noticias\/index.php?rest_route=\/wp\/v2\/posts\/28037","targetHints":{"allow":["GET"]}}],"collection":[{"href":"https:\/\/www.yungayino.cl\/noticias\/index.php?rest_route=\/wp\/v2\/posts"}],"about":[{"href":"https:\/\/www.yungayino.cl\/noticias\/index.php?rest_route=\/wp\/v2\/types\/post"}],"author":[{"embeddable":true,"href":"https:\/\/www.yungayino.cl\/noticias\/index.php?rest_route=\/wp\/v2\/users\/2"}],"replies":[{"embeddable":true,"href":"https:\/\/www.yungayino.cl\/noticias\/index.php?rest_route=%2Fwp%2Fv2%2Fcomments&post=28037"}],"version-history":[{"count":4,"href":"https:\/\/www.yungayino.cl\/noticias\/index.php?rest_route=\/wp\/v2\/posts\/28037\/revisions"}],"predecessor-version":[{"id":28042,"href":"https:\/\/www.yungayino.cl\/noticias\/index.php?rest_route=\/wp\/v2\/posts\/28037\/revisions\/28042"}],"wp:featuredmedia":[{"embeddable":true,"href":"https:\/\/www.yungayino.cl\/noticias\/index.php?rest_route=\/wp\/v2\/media\/28038"}],"wp:attachment":[{"href":"https:\/\/www.yungayino.cl\/noticias\/index.php?rest_route=%2Fwp%2Fv2%2Fmedia&parent=28037"}],"wp:term":[{"taxonomy":"category","embeddable":true,"href":"https:\/\/www.yungayino.cl\/noticias\/index.php?rest_route=%2Fwp%2Fv2%2Fcategories&post=28037"},{"taxonomy":"post_tag","embeddable":true,"href":"https:\/\/www.yungayino.cl\/noticias\/index.php?rest_route=%2Fwp%2Fv2%2Ftags&post=28037"}],"curies":[{"name":"wp","href":"https:\/\/api.w.org\/{rel}","templated":true}]}}