{"id":28058,"date":"2023-03-18T01:00:54","date_gmt":"2023-03-18T05:00:54","guid":{"rendered":"http:\/\/www.yungayino.cl\/noticias\/?p=28058"},"modified":"2023-03-18T01:25:13","modified_gmt":"2023-03-18T05:25:13","slug":"as-de-corazones-festejo-rodrigo-saavedra-y-tangaroa-en-xix-feria-costumbrista-en-yungay","status":"publish","type":"post","link":"https:\/\/www.yungayino.cl\/noticias\/?p=28058","title":{"rendered":"As de Corazones, Festejo, Rodrigo Saavedra y Tangaroa en XIX Feria Costumbrista en Yungay"},"content":{"rendered":"<p><img loading=\"lazy\" decoding=\"async\" class=\"alignnone wp-image-28059 size-full\" src=\"http:\/\/www.yungayino.cl\/noticias\/wp-content\/uploads\/2023\/03\/portada-7.jpg\" alt=\"\" width=\"700\" height=\"350\" srcset=\"https:\/\/www.yungayino.cl\/noticias\/wp-content\/uploads\/2023\/03\/portada-7.jpg 700w, https:\/\/www.yungayino.cl\/noticias\/wp-content\/uploads\/2023\/03\/portada-7-300x150.jpg 300w\" sizes=\"auto, (max-width: 700px) 100vw, 700px\" \/><\/p>\n<p style=\"text-align: justify;\">Yungay, marzo 2023: La tercera jornada de XIX Feria Costumbrista se llev\u00f3 a cabo a un costado de la Plaza Iquique en un escenario montado para una noche de espect\u00e1culo art\u00edstico y cultural, el cual fue animado por Yeanette Navarrete y Franco Henr\u00edquez, quienes presentaron en primer lugar a la Banda <strong>AS DE CORAZONES, <\/strong>banda compuestas por j\u00f3venes de la comuna de Yungay que se iniciaron tocando rock en septiembre del a\u00f1o 2022 y que debutaron este a\u00f1o en el escenario de la feria costumbrista, donde fueron aplaudidas y ovacionas por el p\u00fablico presente.<\/p>\n<p style=\"text-align: justify;\">Continuando con el espect\u00e1culo subi\u00f3 al escenario el Grupo <strong>FESTEJO<\/strong>, de Hu\u00e9pil, quienes se formaron en abril del a\u00f1o 2022, fueron los encargados de tocar y mostrar al p\u00fablico una excelente presentaci\u00f3n tocando diferentes ritmos de m\u00fasica latinoamericana.<\/p>\n<p style=\"text-align: justify;\">Luego fue el turno del compositor y cantautor oriundo de Santa Lucia Alto de nuestra comuna <strong>Rodrigo Saavedra<\/strong>, quien al ritmo de su guitarra deleito a los presentes con una selecci\u00f3n de canciones de su autor\u00eda, de su m\u00fasica popular inspirada en las vivencias, historias y costumbres campesinas.<\/p>\n<p style=\"text-align: justify;\">La jornada la cerr\u00f3 el Conjunto Continental <strong>TANGAROA<\/strong>, el cual est\u00e1 compuesto por j\u00f3venes m\u00fasicos y bailarines con una amplia trayectoria, los cuales dan vida a este conjunto continental, buscando en cada una de sus presentaciones involucrar a los espectadores reviviendo las diversas vivencias, tradiciones e historias de la isla narrada en las letras de sus canciones, y al igual que visitas anteriores a nuestra comuna hicieron participar al p\u00fablico junto a su m\u00fasica y danza que son propias de la cultura Rapanui, y una vez finalizada su presentaci\u00f3n recibieron los aplausos y cari\u00f1os de los asistentes , quienes concurrieron a sacarse fotograf\u00edas para el recuerdo.<\/p>\n<p>&nbsp;<\/p>\n<p style=\"text-align: justify;\">[su_button url=\u00bbhttps:\/\/www.facebook.com\/media\/set\/?vanity=yungayino.cl&amp;set=a.6613164035365246&#8243; target=\u00bbblank\u00bb size=\u00bb7&#8243; radius=\u00bbround\u00bb icon=\u00bbicon: facebook-square\u00bb]FOTOGRAF\u00cdAS &#8211; As de Corazones, Festejo, Rodrigo Saavedra y Tangaroa en XIX Feria Costumbrista en Yungay[\/su_button]<\/p>\n","protected":false},"excerpt":{"rendered":"<p>Yungay, marzo 2023: La tercera jornada de XIX Feria Costumbrista se llev\u00f3 a cabo a un costado de la Plaza Iquique en un escenario montado para una noche de espect\u00e1culo art\u00edstico y cultural, el&#46;&#46;&#46;<\/p>\n","protected":false},"author":2,"featured_media":28059,"comment_status":"closed","ping_status":"open","sticky":false,"template":"","format":"standard","meta":{"footnotes":""},"categories":[5,1],"tags":[2776,2778,1115,2777,1913,8,6,117],"class_list":["post-28058","post","type-post","status-publish","format-standard","has-post-thumbnail","hentry","category-eventos","category-noticias","tag-as-de-corazones","tag-festejo","tag-noticias","tag-rodrigo-saavedra","tag-tangaroa","tag-yungay","tag-yungayino","tag-yungayinocl"],"_links":{"self":[{"href":"https:\/\/www.yungayino.cl\/noticias\/index.php?rest_route=\/wp\/v2\/posts\/28058","targetHints":{"allow":["GET"]}}],"collection":[{"href":"https:\/\/www.yungayino.cl\/noticias\/index.php?rest_route=\/wp\/v2\/posts"}],"about":[{"href":"https:\/\/www.yungayino.cl\/noticias\/index.php?rest_route=\/wp\/v2\/types\/post"}],"author":[{"embeddable":true,"href":"https:\/\/www.yungayino.cl\/noticias\/index.php?rest_route=\/wp\/v2\/users\/2"}],"replies":[{"embeddable":true,"href":"https:\/\/www.yungayino.cl\/noticias\/index.php?rest_route=%2Fwp%2Fv2%2Fcomments&post=28058"}],"version-history":[{"count":4,"href":"https:\/\/www.yungayino.cl\/noticias\/index.php?rest_route=\/wp\/v2\/posts\/28058\/revisions"}],"predecessor-version":[{"id":28063,"href":"https:\/\/www.yungayino.cl\/noticias\/index.php?rest_route=\/wp\/v2\/posts\/28058\/revisions\/28063"}],"wp:featuredmedia":[{"embeddable":true,"href":"https:\/\/www.yungayino.cl\/noticias\/index.php?rest_route=\/wp\/v2\/media\/28059"}],"wp:attachment":[{"href":"https:\/\/www.yungayino.cl\/noticias\/index.php?rest_route=%2Fwp%2Fv2%2Fmedia&parent=28058"}],"wp:term":[{"taxonomy":"category","embeddable":true,"href":"https:\/\/www.yungayino.cl\/noticias\/index.php?rest_route=%2Fwp%2Fv2%2Fcategories&post=28058"},{"taxonomy":"post_tag","embeddable":true,"href":"https:\/\/www.yungayino.cl\/noticias\/index.php?rest_route=%2Fwp%2Fv2%2Ftags&post=28058"}],"curies":[{"name":"wp","href":"https:\/\/api.w.org\/{rel}","templated":true}]}}