{"id":28064,"date":"2023-03-19T13:00:21","date_gmt":"2023-03-19T17:00:21","guid":{"rendered":"http:\/\/www.yungayino.cl\/noticias\/?p=28064"},"modified":"2023-03-19T13:40:25","modified_gmt":"2023-03-19T17:40:25","slug":"don-delfa-leo-castro-sofia-san-martin-rene-inostroza-y-el-llanero-de-nuble-en-xix-feria-costumbrista-en-yungay","status":"publish","type":"post","link":"https:\/\/www.yungayino.cl\/noticias\/?p=28064","title":{"rendered":"Don Delfa, Leo Castro, Sof\u00eda San Mart\u00edn, Ren\u00e9 Inostroza y El Llanero de \u00d1uble en XIX Feria Costumbrista en Yungay"},"content":{"rendered":"<p><img loading=\"lazy\" decoding=\"async\" class=\"alignnone wp-image-28065 size-full\" src=\"http:\/\/www.yungayino.cl\/noticias\/wp-content\/uploads\/2023\/03\/portada-8.jpg\" alt=\"\" width=\"700\" height=\"350\" srcset=\"https:\/\/www.yungayino.cl\/noticias\/wp-content\/uploads\/2023\/03\/portada-8.jpg 700w, https:\/\/www.yungayino.cl\/noticias\/wp-content\/uploads\/2023\/03\/portada-8-300x150.jpg 300w\" sizes=\"auto, (max-width: 700px) 100vw, 700px\" \/><\/p>\n<p style=\"text-align: justify;\">Yungay, marzo 2023: La cuarta jornada de la XIX Feria Costumbrista se llev\u00f3 a cabo ante un gran marco de p\u00fablico en la Plaza Iquique, donde disfrutaron del show que fue animado por Yeanette Navarrete y Franco Henr\u00edquez, quienes presentaron en primer lugar a <strong>Don Delfa y Leo Castro<\/strong>, quienes unidos por una gran amistad fueron los encargados de poner la nota folcl\u00f3rica, el canto popular y vivencias de nuestra tierra.<\/p>\n<p style=\"text-align: justify;\">Luego subi\u00f3 al escenario la joven cantante yungayina <strong>Sof\u00eda San Mart\u00edn<\/strong> quien pronto se presentar\u00e1 en el programa de televisi\u00f3n \u201cThe Voice\u201d de Chilevisi\u00f3n y recibi\u00f3 todo el apoyo del p\u00fablico, adem\u00e1s de aplaudir las impecables interpretaciones de las canciones presentadas en escenario.<\/p>\n<p style=\"text-align: justify;\">Continuando con el show subi\u00f3 al escenario el destacado m\u00fasico y folclorista nacional que cultiva el canto popular y tradicional de Chile <strong>Ren\u00e9 Inostroza<\/strong>, qui\u00e9n por casi una hora, divirti\u00f3 y encant\u00f3 a la masa de p\u00fablico presente con sus populares canciones y l\u00fadicas historias del mundo campesino.<\/p>\n<p style=\"text-align: justify;\">Finalmente subi\u00f3 al escenario el yungayino Ricardo Cid \u201c<strong>El Llanero de \u00d1uble\u201d <\/strong>y su Banda Ranchera, quienes con su alegre m\u00fasica ranchera hicieron cantar, gritar y bailar a los miles de personas que llegaron de diferentes puntos de la comuna y la regi\u00f3n para disfrutar de sus grandes \u00e9xitos musicales, adem\u00e1s de ovacionar y aplaudir a este gran artista yungayino, qui\u00e9n al finalizar agradeci\u00f3 el cari\u00f1o de su gente adem\u00e1s de sacarse fotograf\u00edas para el recuerdo con sus seguidores y fans.<\/p>\n<p>&nbsp;<\/p>\n<p style=\"text-align: justify;\">[su_button url=\u00bbhttps:\/\/www.facebook.com\/media\/set\/?vanity=yungayino.cl&amp;set=a.6613164035365246&#8243; target=\u00bbblank\u00bb size=\u00bb7&#8243; radius=\u00bbround\u00bb icon=\u00bbicon: facebook-square\u00bb]FOTOGRAF\u00cdAS &#8211; Don Delfa, Leo Castro, Sof\u00eda San Mart\u00edn, Ren\u00e9 Inostroza y El Llanero de \u00d1uble en XIX Feria Costumbrista en Yungay[\/su_button]<\/p>\n","protected":false},"excerpt":{"rendered":"<p>Yungay, marzo 2023: La cuarta jornada de la XIX Feria Costumbrista se llev\u00f3 a cabo ante un gran marco de p\u00fablico en la Plaza Iquique, donde disfrutaron del show que fue animado por Yeanette&#46;&#46;&#46;<\/p>\n","protected":false},"author":2,"featured_media":28065,"comment_status":"closed","ping_status":"open","sticky":false,"template":"","format":"standard","meta":{"footnotes":""},"categories":[5,1],"tags":[598,2783,24,2779,1115,2781,2782,2780,1567,8,6],"class_list":["post-28064","post","type-post","status-publish","format-standard","has-post-thumbnail","hentry","category-eventos","category-noticias","tag-don-delfa","tag-el-llanero-de-nuble","tag-feria-costumbrista","tag-leo-castro","tag-noticias","tag-rene-inostroza","tag-ricardo-cid","tag-sofia-san-martin","tag-yunagyino-cl","tag-yungay","tag-yungayino"],"_links":{"self":[{"href":"https:\/\/www.yungayino.cl\/noticias\/index.php?rest_route=\/wp\/v2\/posts\/28064","targetHints":{"allow":["GET"]}}],"collection":[{"href":"https:\/\/www.yungayino.cl\/noticias\/index.php?rest_route=\/wp\/v2\/posts"}],"about":[{"href":"https:\/\/www.yungayino.cl\/noticias\/index.php?rest_route=\/wp\/v2\/types\/post"}],"author":[{"embeddable":true,"href":"https:\/\/www.yungayino.cl\/noticias\/index.php?rest_route=\/wp\/v2\/users\/2"}],"replies":[{"embeddable":true,"href":"https:\/\/www.yungayino.cl\/noticias\/index.php?rest_route=%2Fwp%2Fv2%2Fcomments&post=28064"}],"version-history":[{"count":5,"href":"https:\/\/www.yungayino.cl\/noticias\/index.php?rest_route=\/wp\/v2\/posts\/28064\/revisions"}],"predecessor-version":[{"id":28070,"href":"https:\/\/www.yungayino.cl\/noticias\/index.php?rest_route=\/wp\/v2\/posts\/28064\/revisions\/28070"}],"wp:featuredmedia":[{"embeddable":true,"href":"https:\/\/www.yungayino.cl\/noticias\/index.php?rest_route=\/wp\/v2\/media\/28065"}],"wp:attachment":[{"href":"https:\/\/www.yungayino.cl\/noticias\/index.php?rest_route=%2Fwp%2Fv2%2Fmedia&parent=28064"}],"wp:term":[{"taxonomy":"category","embeddable":true,"href":"https:\/\/www.yungayino.cl\/noticias\/index.php?rest_route=%2Fwp%2Fv2%2Fcategories&post=28064"},{"taxonomy":"post_tag","embeddable":true,"href":"https:\/\/www.yungayino.cl\/noticias\/index.php?rest_route=%2Fwp%2Fv2%2Ftags&post=28064"}],"curies":[{"name":"wp","href":"https:\/\/api.w.org\/{rel}","templated":true}]}}