{"id":28075,"date":"2023-03-20T02:00:36","date_gmt":"2023-03-20T06:00:36","guid":{"rendered":"http:\/\/www.yungayino.cl\/noticias\/?p=28075"},"modified":"2023-03-20T03:02:38","modified_gmt":"2023-03-20T07:02:38","slug":"con-los-flores-de-yungay-luis-castillo-los-reales-del-valle-y-los-diamantes-de-nuble-finalizo-la-xix-feria-costumbrista-en-yungay","status":"publish","type":"post","link":"https:\/\/www.yungayino.cl\/noticias\/?p=28075","title":{"rendered":"Con Los Flores de Yungay, Luis Castillo, Los Reales del Valle y Los Diamantes de \u00d1uble Finaliz\u00f3 la XIX Feria Costumbrista en Yungay"},"content":{"rendered":"<p><img loading=\"lazy\" decoding=\"async\" class=\"alignnone wp-image-28076 size-full\" src=\"http:\/\/www.yungayino.cl\/noticias\/wp-content\/uploads\/2023\/03\/portada-10.jpg\" alt=\"\" width=\"700\" height=\"350\" srcset=\"https:\/\/www.yungayino.cl\/noticias\/wp-content\/uploads\/2023\/03\/portada-10.jpg 700w, https:\/\/www.yungayino.cl\/noticias\/wp-content\/uploads\/2023\/03\/portada-10-300x150.jpg 300w\" sizes=\"auto, (max-width: 700px) 100vw, 700px\" \/><\/p>\n<p style=\"text-align: justify;\">Yungay, marzo 2023: Con Los Flores de Yungay, Luis Castillo, Los Reales del Valle y Los Diamantes de \u00d1uble finaliz\u00f3 la XIX Feria Costumbrista en Yungay, la cual cont\u00f3 durante las jornadas con la animaci\u00f3n de Yeanette Navarrete y Franco Henr\u00edquez.<\/p>\n<p style=\"text-align: justify;\"><strong>Los Flores de Yungay<\/strong>, con su m\u00fasica ranchera campesina y variados ritmos como cumbias, corridos y vals, fueron los encargados de iniciar esta \u00faltima noche de show. Destacar que tambi\u00e9n en esta ocasi\u00f3n, David Palomino, Productor General del Sello de \u00c1guila Records, hizo entrega de un Galvano a cada integrante y destac\u00f3 p\u00fablicamente el gran profesionalismo de esta agrupaci\u00f3n de m\u00fasica ranchera yungayina, quienes recibieron un gran aplauso de los asistentes.<\/p>\n<p style=\"text-align: justify;\">Para continuar subi\u00f3 al escenario el destacado folclorista y m\u00fasico nacional el yungayino <strong>Luis Castillo<\/strong>, quien present\u00f3 un show muy especial para su querida comuna, compartiendo una vez m\u00e1s las historias y reflexiones de la vida, aquellos momentos de felicidad y tristeza que a m\u00e1s de alguno le ha tocado vivir, adem\u00e1s con sus melod\u00edas y canciones logro interpretar en su lenguaje musical lo que su coraz\u00f3n d\u00eda a d\u00eda comparte en su andar. Tambi\u00e9n destacar que hizo la invitaci\u00f3n a subir al escenario para compartir \u00a0y participar con \u00e9l a la destacada cantante Viviana San Martin y al Grupo La Ca\u00f1ada, finalizando as\u00ed una nueva presentaci\u00f3n en nuestra comuna y recibiendo el cari\u00f1o de su gente.<\/p>\n<p style=\"text-align: justify;\">Y continuando con el show subieron al escenario los grandes exponentes de la cumbia ranchera en Chile, <strong>Los Reales del Valle<\/strong>, grupo que se form\u00f3 en diciembre de 1973 en Paillaco, d\u00e9cima regi\u00f3n, como un tr\u00edo entre el acordeonista y cantante Renato P\u00e9rez, Germ\u00e1n Mart\u00ednez (voz y guitarra) y Gabriel Mora (guitarra).<\/p>\n<p style=\"text-align: justify;\">Cantando cumbias rancheras y algunos de sus grandes \u00e9xitos como \u00abNancy\u201d, \u201cLa vaca Blanca\u201d y \u00abEl chivito de Manolo\u00bb, el p\u00fablico presente sali\u00f3 a la pista a bailar adem\u00e1s de ovacionar con aplausos a estos grandes de la cumbia ranchera nacional.<\/p>\n<p style=\"text-align: justify;\">Finalmente la jornada la cerr\u00f3 el grupo musical de hermanos del g\u00e9nero Tropical Ranchero <strong>Los Diamantes de \u00d1uble<\/strong>, quienes recibieron de parte de los organizadores un galvano por su participaci\u00f3n en esta \u00faltima noche de clausura de la XIX Feria Costumbrista, que tambi\u00e9n reconoci\u00f3 a los poetas Rolando Parra y Raul Mu\u00f1oz.<\/p>\n<p>&nbsp;<\/p>\n<p style=\"text-align: justify;\">[su_button url=\u00bbhttps:\/\/www.facebook.com\/media\/set\/?vanity=yungayino.cl&amp;set=a.6619053744776275&#8243; target=\u00bbblank\u00bb size=\u00bb7&#8243; radius=\u00bbround\u00bb icon=\u00bbicon: facebook-square\u00bb]FOTOGRAF\u00cdAS &#8211; Con Los Flores de Yungay, Luis Castillo, Los Reales del Valle y Los Diamantes de \u00d1uble Finaliz\u00f3 la XIX Feria Costumbrista en Yungay[\/su_button]<\/p>\n","protected":false},"excerpt":{"rendered":"<p>Yungay, marzo 2023: Con Los Flores de Yungay, Luis Castillo, Los Reales del Valle y Los Diamantes de \u00d1uble finaliz\u00f3 la XIX Feria Costumbrista en Yungay, la cual cont\u00f3 durante las jornadas con la&#46;&#46;&#46;<\/p>\n","protected":false},"author":2,"featured_media":28076,"comment_status":"closed","ping_status":"open","sticky":false,"template":"","format":"standard","meta":{"footnotes":""},"categories":[5,1],"tags":[24,2786,1282,2785,627,1115,8,6,117],"class_list":["post-28075","post","type-post","status-publish","format-standard","has-post-thumbnail","hentry","category-eventos","category-noticias","tag-feria-costumbrista","tag-los-diamantes-de-nuble","tag-los-flores-de-yungay","tag-los-reales-del-valle","tag-luis-castillo","tag-noticias","tag-yungay","tag-yungayino","tag-yungayinocl"],"_links":{"self":[{"href":"https:\/\/www.yungayino.cl\/noticias\/index.php?rest_route=\/wp\/v2\/posts\/28075","targetHints":{"allow":["GET"]}}],"collection":[{"href":"https:\/\/www.yungayino.cl\/noticias\/index.php?rest_route=\/wp\/v2\/posts"}],"about":[{"href":"https:\/\/www.yungayino.cl\/noticias\/index.php?rest_route=\/wp\/v2\/types\/post"}],"author":[{"embeddable":true,"href":"https:\/\/www.yungayino.cl\/noticias\/index.php?rest_route=\/wp\/v2\/users\/2"}],"replies":[{"embeddable":true,"href":"https:\/\/www.yungayino.cl\/noticias\/index.php?rest_route=%2Fwp%2Fv2%2Fcomments&post=28075"}],"version-history":[{"count":4,"href":"https:\/\/www.yungayino.cl\/noticias\/index.php?rest_route=\/wp\/v2\/posts\/28075\/revisions"}],"predecessor-version":[{"id":28080,"href":"https:\/\/www.yungayino.cl\/noticias\/index.php?rest_route=\/wp\/v2\/posts\/28075\/revisions\/28080"}],"wp:featuredmedia":[{"embeddable":true,"href":"https:\/\/www.yungayino.cl\/noticias\/index.php?rest_route=\/wp\/v2\/media\/28076"}],"wp:attachment":[{"href":"https:\/\/www.yungayino.cl\/noticias\/index.php?rest_route=%2Fwp%2Fv2%2Fmedia&parent=28075"}],"wp:term":[{"taxonomy":"category","embeddable":true,"href":"https:\/\/www.yungayino.cl\/noticias\/index.php?rest_route=%2Fwp%2Fv2%2Fcategories&post=28075"},{"taxonomy":"post_tag","embeddable":true,"href":"https:\/\/www.yungayino.cl\/noticias\/index.php?rest_route=%2Fwp%2Fv2%2Ftags&post=28075"}],"curies":[{"name":"wp","href":"https:\/\/api.w.org\/{rel}","templated":true}]}}