{"id":28082,"date":"2023-03-30T07:00:08","date_gmt":"2023-03-30T11:00:08","guid":{"rendered":"http:\/\/www.yungayino.cl\/noticias\/?p=28082"},"modified":"2023-03-22T19:17:03","modified_gmt":"2023-03-22T23:17:03","slug":"a-raiz-de-los-incendios-forestales-se-constituyo-el-primer-comite-regional-de-restauracion-de-paisajes-region-de-nuble","status":"publish","type":"post","link":"https:\/\/www.yungayino.cl\/noticias\/?p=28082","title":{"rendered":"A Ra\u00edz de los Incendios Forestales se Constituy\u00f3 el Primer Comit\u00e9 Regional de Restauraci\u00f3n de Paisajes Regi\u00f3n de \u00d1uble"},"content":{"rendered":"<p><img loading=\"lazy\" decoding=\"async\" class=\"alignnone wp-image-28083 size-full\" src=\"http:\/\/www.yungayino.cl\/noticias\/wp-content\/uploads\/2023\/03\/medio-ambiente-marzo-2023.jpg\" alt=\"\" width=\"700\" height=\"350\" srcset=\"https:\/\/www.yungayino.cl\/noticias\/wp-content\/uploads\/2023\/03\/medio-ambiente-marzo-2023.jpg 700w, https:\/\/www.yungayino.cl\/noticias\/wp-content\/uploads\/2023\/03\/medio-ambiente-marzo-2023-300x150.jpg 300w\" sizes=\"auto, (max-width: 700px) 100vw, 700px\" \/><\/p>\n<p style=\"text-align: justify;\">\u00d1uble, marzo 2023: En el marco del D\u00eda Internacional de los Bosques, este martes el seremi del Medio Ambiente \u00d1uble, Mario Rivas, en conjunto con la seremi de Ciencias de la Macrozona Centro Sur, Sof\u00eda Valenzuela, y el director regional de Conaf, Juan Salvador, convocaron a la primera reuni\u00f3n del Comit\u00e9 Regional de Restauraci\u00f3n de Paisajes, para abordar de manera intersectorial tem\u00e1ticas relacionadas a las zonas siniestradas por los incendios forestales en la Regi\u00f3n de \u00d1uble.<\/p>\n<p style=\"text-align: justify;\">En la reuni\u00f3n, realizada en dependencias de Conaf, participaron representantes de la Organizaci\u00f3n de las Naciones Unidas para la Agricultura y Alimentaci\u00f3n (FAO), la Corporaci\u00f3n de la Madera (Corma), Fundaci\u00f3n Reforestemos y la Universidad Cat\u00f3lica de la Sant\u00edsima Concepci\u00f3n (UCSC).<\/p>\n<p style=\"text-align: justify;\">\u201cLa conformaci\u00f3n de un comit\u00e9 con representantes del sector p\u00fablico, privado y la academia es clave para planificar y priorizar acciones de restauraci\u00f3n de los valiosos ecosistemas que fueron devastados por el fuego en febrero pasado y que super\u00f3 las 51.000 hect\u00e1reas quemadas. Comenzamos compartiendo datos e informes, evaluando oportunidades de proyectos y el c\u00f3mo integraremos a la ciudadan\u00eda acerca de los avances y desaf\u00edos que conlleva este proceso\u201d, sostuvo el seremi del Medio Ambiente Mario Rivas.<\/p>\n<p style=\"text-align: justify;\">\u201cComo Ministerio de Medio Ambiente hemos definido a Altos de Ninhue y Cerro Cayumanque como zonas prioritarias dentro del Plan Nacional de Restauraci\u00f3n de Paisajes, en donde en conjunto con la FAO y Conaf trabajaremos en fortalecer la biodiversidad y servicios ecosist\u00e9micos en estas zonas agroforestales y su entorno natural\u201d, agreg\u00f3.<\/p>\n<p style=\"text-align: justify;\">A su vez, la seremi de Ciencia, Tecnolog\u00eda, Conocimiento e Innovaci\u00f3n de la Macrozona Centro Sur, Sof\u00eda Valenzuela, destac\u00f3 la importancia de la articulaci\u00f3n de los distintos ministerios y sus recursos disponibles, agregando que \u201cdesde nuestro sector se aportar\u00e1 con informaci\u00f3n derivada de profesionales que conocen el territorio, en el programa de restauraci\u00f3n, estrategias de conservaci\u00f3n y planificaci\u00f3n territorial a nivel comunal\u201d.<\/p>\n<p style=\"text-align: justify;\">A su vez, el director regional de Conaf, Juan Salvador, a\u00f1adi\u00f3: \u201cTrabajar de forma coordinada y planificada es muy importante. Hay que recordar que se requieren d\u00e9cadas para la restauraci\u00f3n de un ecosistema boscoso, por lo tanto, se deben unir varios criterios relevantes como el tipo de especies que se quieren recuperar, el paisajismo, las condiciones de suelo, entre otros. Para eso, el realizar esta primera reuni\u00f3n del Comit\u00e9 Regional de Restauraci\u00f3n es un avance, donde iremos tambi\u00e9n aterrizando la informaci\u00f3n hacia la comunidad para avanzar juntos en este proceso\u201d.<\/p>\n<p style=\"text-align: justify;\">Cabe destacar que, en conjunto con autoridades municipales, la Seremi del Medio Ambiente inspeccion\u00f3 en terrero el estado de afectaci\u00f3n en ambas zonas, reconociendo el valor de sus ecosistemas, que cuentan con especies como monitos del monte, quiques, queltehues, zorros culpeos, gu\u00ef\u00f1as, peumos, litres, boldos, copihues, naranjillos, entre otros.<\/p>\n<p style=\"text-align: justify;\">Finalmente, la pr\u00f3xima reuni\u00f3n del Comit\u00e9 Regional de Restauraci\u00f3n de Paisajes se realizar\u00e1 en abril en dependencias de Conaf, donde se buscar\u00e1 integrar a las municipalidades pertinentes, al Gobierno Regional de \u00d1uble y a otros representantes del sector p\u00fablico, privado y de la academia.<\/p>\n","protected":false},"excerpt":{"rendered":"<p>\u00d1uble, marzo 2023: En el marco del D\u00eda Internacional de los Bosques, este martes el seremi del Medio Ambiente \u00d1uble, Mario Rivas, en conjunto con la seremi de Ciencias de la Macrozona Centro Sur,&#46;&#46;&#46;<\/p>\n","protected":false},"author":2,"featured_media":28083,"comment_status":"closed","ping_status":"open","sticky":false,"template":"","format":"standard","meta":{"footnotes":""},"categories":[1],"tags":[904,1115,8,6,117],"class_list":["post-28082","post","type-post","status-publish","format-standard","has-post-thumbnail","hentry","category-noticias","tag-medio-ambiente","tag-noticias","tag-yungay","tag-yungayino","tag-yungayinocl"],"_links":{"self":[{"href":"https:\/\/www.yungayino.cl\/noticias\/index.php?rest_route=\/wp\/v2\/posts\/28082","targetHints":{"allow":["GET"]}}],"collection":[{"href":"https:\/\/www.yungayino.cl\/noticias\/index.php?rest_route=\/wp\/v2\/posts"}],"about":[{"href":"https:\/\/www.yungayino.cl\/noticias\/index.php?rest_route=\/wp\/v2\/types\/post"}],"author":[{"embeddable":true,"href":"https:\/\/www.yungayino.cl\/noticias\/index.php?rest_route=\/wp\/v2\/users\/2"}],"replies":[{"embeddable":true,"href":"https:\/\/www.yungayino.cl\/noticias\/index.php?rest_route=%2Fwp%2Fv2%2Fcomments&post=28082"}],"version-history":[{"count":1,"href":"https:\/\/www.yungayino.cl\/noticias\/index.php?rest_route=\/wp\/v2\/posts\/28082\/revisions"}],"predecessor-version":[{"id":28084,"href":"https:\/\/www.yungayino.cl\/noticias\/index.php?rest_route=\/wp\/v2\/posts\/28082\/revisions\/28084"}],"wp:featuredmedia":[{"embeddable":true,"href":"https:\/\/www.yungayino.cl\/noticias\/index.php?rest_route=\/wp\/v2\/media\/28083"}],"wp:attachment":[{"href":"https:\/\/www.yungayino.cl\/noticias\/index.php?rest_route=%2Fwp%2Fv2%2Fmedia&parent=28082"}],"wp:term":[{"taxonomy":"category","embeddable":true,"href":"https:\/\/www.yungayino.cl\/noticias\/index.php?rest_route=%2Fwp%2Fv2%2Fcategories&post=28082"},{"taxonomy":"post_tag","embeddable":true,"href":"https:\/\/www.yungayino.cl\/noticias\/index.php?rest_route=%2Fwp%2Fv2%2Ftags&post=28082"}],"curies":[{"name":"wp","href":"https:\/\/api.w.org\/{rel}","templated":true}]}}