{"id":28102,"date":"2023-03-23T07:00:04","date_gmt":"2023-03-23T11:00:04","guid":{"rendered":"http:\/\/www.yungayino.cl\/noticias\/?p=28102"},"modified":"2023-03-22T19:33:30","modified_gmt":"2023-03-22T23:33:30","slug":"inscripciones-nivelacion-de-estudios-en-yungay","status":"publish","type":"post","link":"https:\/\/www.yungayino.cl\/noticias\/?p=28102","title":{"rendered":"Inscripciones Nivelaci\u00f3n de Estudios en Yungay"},"content":{"rendered":"<p><img loading=\"lazy\" decoding=\"async\" class=\"alignnone wp-image-28103 size-full\" src=\"http:\/\/www.yungayino.cl\/noticias\/wp-content\/uploads\/2023\/03\/21-marzo-nivelacion-estudios-1-e1679527757716.png\" alt=\"\" width=\"700\" height=\"700\" srcset=\"https:\/\/www.yungayino.cl\/noticias\/wp-content\/uploads\/2023\/03\/21-marzo-nivelacion-estudios-1-e1679527757716.png 700w, https:\/\/www.yungayino.cl\/noticias\/wp-content\/uploads\/2023\/03\/21-marzo-nivelacion-estudios-1-e1679527757716-300x300.png 300w, https:\/\/www.yungayino.cl\/noticias\/wp-content\/uploads\/2023\/03\/21-marzo-nivelacion-estudios-1-e1679527757716-150x150.png 150w, https:\/\/www.yungayino.cl\/noticias\/wp-content\/uploads\/2023\/03\/21-marzo-nivelacion-estudios-1-e1679527757716-80x80.png 80w, https:\/\/www.yungayino.cl\/noticias\/wp-content\/uploads\/2023\/03\/21-marzo-nivelacion-estudios-1-e1679527757716-320x320.png 320w\" sizes=\"auto, (max-width: 700px) 100vw, 700px\" \/><\/p>\n<p style=\"text-align: justify;\">Yungay, marzo 2023: Se informa a la comunidad que se encuentran abiertas las inscripciones para nivelaci\u00f3n de estudios en la Oficina de Informaci\u00f3n Laboral.<\/p>\n<p style=\"text-align: justify;\">Este a\u00f1o el programa considera 2 modalidades de estudio: semipresencial y a distancia.<\/p>\n<p style=\"text-align: justify;\">Conoce los requisitos en las fotograf\u00edas adjuntas en la publicaci\u00f3n.<\/p>\n<p style=\"text-align: justify;\">La OMIL est\u00e1 ubicada en Tacna #57, Ex-Anexo del Liceo.<\/p>\n<p>&nbsp;<\/p>\n<p><img loading=\"lazy\" decoding=\"async\" class=\"alignnone wp-image-28104 size-full\" src=\"http:\/\/www.yungayino.cl\/noticias\/wp-content\/uploads\/2023\/03\/21-marzo-nivelacion-estudios-2-e1679527805598.png\" alt=\"\" width=\"700\" height=\"700\" srcset=\"https:\/\/www.yungayino.cl\/noticias\/wp-content\/uploads\/2023\/03\/21-marzo-nivelacion-estudios-2-e1679527805598.png 700w, https:\/\/www.yungayino.cl\/noticias\/wp-content\/uploads\/2023\/03\/21-marzo-nivelacion-estudios-2-e1679527805598-300x300.png 300w, https:\/\/www.yungayino.cl\/noticias\/wp-content\/uploads\/2023\/03\/21-marzo-nivelacion-estudios-2-e1679527805598-150x150.png 150w, https:\/\/www.yungayino.cl\/noticias\/wp-content\/uploads\/2023\/03\/21-marzo-nivelacion-estudios-2-e1679527805598-80x80.png 80w, https:\/\/www.yungayino.cl\/noticias\/wp-content\/uploads\/2023\/03\/21-marzo-nivelacion-estudios-2-e1679527805598-320x320.png 320w\" sizes=\"auto, (max-width: 700px) 100vw, 700px\" \/><\/p>\n<p><img loading=\"lazy\" decoding=\"async\" class=\"alignnone wp-image-28105 size-full\" src=\"http:\/\/www.yungayino.cl\/noticias\/wp-content\/uploads\/2023\/03\/21-marzo-nivelacion-estudios-3-e1679527827312.png\" alt=\"\" width=\"700\" height=\"700\" srcset=\"https:\/\/www.yungayino.cl\/noticias\/wp-content\/uploads\/2023\/03\/21-marzo-nivelacion-estudios-3-e1679527827312.png 700w, https:\/\/www.yungayino.cl\/noticias\/wp-content\/uploads\/2023\/03\/21-marzo-nivelacion-estudios-3-e1679527827312-300x300.png 300w, https:\/\/www.yungayino.cl\/noticias\/wp-content\/uploads\/2023\/03\/21-marzo-nivelacion-estudios-3-e1679527827312-150x150.png 150w, https:\/\/www.yungayino.cl\/noticias\/wp-content\/uploads\/2023\/03\/21-marzo-nivelacion-estudios-3-e1679527827312-80x80.png 80w, https:\/\/www.yungayino.cl\/noticias\/wp-content\/uploads\/2023\/03\/21-marzo-nivelacion-estudios-3-e1679527827312-320x320.png 320w\" sizes=\"auto, (max-width: 700px) 100vw, 700px\" \/><\/p>\n<p><img loading=\"lazy\" decoding=\"async\" class=\"alignnone wp-image-28106 size-full\" src=\"http:\/\/www.yungayino.cl\/noticias\/wp-content\/uploads\/2023\/03\/21-marzo-nivelacion-estudios-4-e1679527845192.png\" alt=\"\" width=\"700\" height=\"700\" srcset=\"https:\/\/www.yungayino.cl\/noticias\/wp-content\/uploads\/2023\/03\/21-marzo-nivelacion-estudios-4-e1679527845192.png 700w, https:\/\/www.yungayino.cl\/noticias\/wp-content\/uploads\/2023\/03\/21-marzo-nivelacion-estudios-4-e1679527845192-300x300.png 300w, https:\/\/www.yungayino.cl\/noticias\/wp-content\/uploads\/2023\/03\/21-marzo-nivelacion-estudios-4-e1679527845192-150x150.png 150w, https:\/\/www.yungayino.cl\/noticias\/wp-content\/uploads\/2023\/03\/21-marzo-nivelacion-estudios-4-e1679527845192-80x80.png 80w, https:\/\/www.yungayino.cl\/noticias\/wp-content\/uploads\/2023\/03\/21-marzo-nivelacion-estudios-4-e1679527845192-320x320.png 320w\" sizes=\"auto, (max-width: 700px) 100vw, 700px\" \/><\/p>\n<p>&nbsp;<\/p>\n<p>&nbsp;<\/p>\n","protected":false},"excerpt":{"rendered":"<p>Yungay, marzo 2023: Se informa a la comunidad que se encuentran abiertas las inscripciones para nivelaci\u00f3n de estudios en la Oficina de Informaci\u00f3n Laboral. Este a\u00f1o el programa considera 2 modalidades de estudio: semipresencial&#46;&#46;&#46;<\/p>\n","protected":false},"author":2,"featured_media":28103,"comment_status":"closed","ping_status":"open","sticky":false,"template":"","format":"standard","meta":{"footnotes":""},"categories":[1493,2571,1],"tags":[1066,1115,8,6,117],"class_list":["post-28102","post","type-post","status-publish","format-standard","has-post-thumbnail","hentry","category-educacion","category-educacion-2","category-noticias","tag-nivelacion-de-estudios","tag-noticias","tag-yungay","tag-yungayino","tag-yungayinocl"],"_links":{"self":[{"href":"https:\/\/www.yungayino.cl\/noticias\/index.php?rest_route=\/wp\/v2\/posts\/28102","targetHints":{"allow":["GET"]}}],"collection":[{"href":"https:\/\/www.yungayino.cl\/noticias\/index.php?rest_route=\/wp\/v2\/posts"}],"about":[{"href":"https:\/\/www.yungayino.cl\/noticias\/index.php?rest_route=\/wp\/v2\/types\/post"}],"author":[{"embeddable":true,"href":"https:\/\/www.yungayino.cl\/noticias\/index.php?rest_route=\/wp\/v2\/users\/2"}],"replies":[{"embeddable":true,"href":"https:\/\/www.yungayino.cl\/noticias\/index.php?rest_route=%2Fwp%2Fv2%2Fcomments&post=28102"}],"version-history":[{"count":2,"href":"https:\/\/www.yungayino.cl\/noticias\/index.php?rest_route=\/wp\/v2\/posts\/28102\/revisions"}],"predecessor-version":[{"id":28108,"href":"https:\/\/www.yungayino.cl\/noticias\/index.php?rest_route=\/wp\/v2\/posts\/28102\/revisions\/28108"}],"wp:featuredmedia":[{"embeddable":true,"href":"https:\/\/www.yungayino.cl\/noticias\/index.php?rest_route=\/wp\/v2\/media\/28103"}],"wp:attachment":[{"href":"https:\/\/www.yungayino.cl\/noticias\/index.php?rest_route=%2Fwp%2Fv2%2Fmedia&parent=28102"}],"wp:term":[{"taxonomy":"category","embeddable":true,"href":"https:\/\/www.yungayino.cl\/noticias\/index.php?rest_route=%2Fwp%2Fv2%2Fcategories&post=28102"},{"taxonomy":"post_tag","embeddable":true,"href":"https:\/\/www.yungayino.cl\/noticias\/index.php?rest_route=%2Fwp%2Fv2%2Ftags&post=28102"}],"curies":[{"name":"wp","href":"https:\/\/api.w.org\/{rel}","templated":true}]}}