{"id":28115,"date":"2023-03-28T07:00:56","date_gmt":"2023-03-28T11:00:56","guid":{"rendered":"http:\/\/www.yungayino.cl\/noticias\/?p=28115"},"modified":"2023-03-22T19:39:23","modified_gmt":"2023-03-22T23:39:23","slug":"alcalde-realizo-reunion-con-seremi-de-vivienda","status":"publish","type":"post","link":"https:\/\/www.yungayino.cl\/noticias\/?p=28115","title":{"rendered":"Alcalde Realiz\u00f3 Reuni\u00f3n con SEREMI de Vivienda"},"content":{"rendered":"<p><img loading=\"lazy\" decoding=\"async\" class=\"alignnone wp-image-28116 size-full\" src=\"http:\/\/www.yungayino.cl\/noticias\/wp-content\/uploads\/2023\/03\/seremi-vivienda-22-marzo.jpg\" alt=\"\" width=\"700\" height=\"350\" srcset=\"https:\/\/www.yungayino.cl\/noticias\/wp-content\/uploads\/2023\/03\/seremi-vivienda-22-marzo.jpg 700w, https:\/\/www.yungayino.cl\/noticias\/wp-content\/uploads\/2023\/03\/seremi-vivienda-22-marzo-300x150.jpg 300w\" sizes=\"auto, (max-width: 700px) 100vw, 700px\" \/><\/p>\n<p style=\"text-align: justify;\">Yungay, marzo 2023: Alcalde se re\u00fane junto al SEREMI de Vivienda, Antonio Marchant Mass y al director de SERVIU, Roberto Grand\u00f3n y afectados por Incendios Forestales para evaluar el proceso de instalaci\u00f3n de viviendas de emergencia y revisar los pasos a seguir para conseguir los hogares definitivos para las familias siniestradas.<\/p>\n","protected":false},"excerpt":{"rendered":"<p>Yungay, marzo 2023: Alcalde se re\u00fane junto al SEREMI de Vivienda, Antonio Marchant Mass y al director de SERVIU, Roberto Grand\u00f3n y afectados por Incendios Forestales para evaluar el proceso de instalaci\u00f3n de viviendas&#46;&#46;&#46;<\/p>\n","protected":false},"author":2,"featured_media":28116,"comment_status":"closed","ping_status":"open","sticky":false,"template":"","format":"standard","meta":{"footnotes":""},"categories":[1],"tags":[1115,8,6,117],"class_list":["post-28115","post","type-post","status-publish","format-standard","has-post-thumbnail","hentry","category-noticias","tag-noticias","tag-yungay","tag-yungayino","tag-yungayinocl"],"_links":{"self":[{"href":"https:\/\/www.yungayino.cl\/noticias\/index.php?rest_route=\/wp\/v2\/posts\/28115","targetHints":{"allow":["GET"]}}],"collection":[{"href":"https:\/\/www.yungayino.cl\/noticias\/index.php?rest_route=\/wp\/v2\/posts"}],"about":[{"href":"https:\/\/www.yungayino.cl\/noticias\/index.php?rest_route=\/wp\/v2\/types\/post"}],"author":[{"embeddable":true,"href":"https:\/\/www.yungayino.cl\/noticias\/index.php?rest_route=\/wp\/v2\/users\/2"}],"replies":[{"embeddable":true,"href":"https:\/\/www.yungayino.cl\/noticias\/index.php?rest_route=%2Fwp%2Fv2%2Fcomments&post=28115"}],"version-history":[{"count":1,"href":"https:\/\/www.yungayino.cl\/noticias\/index.php?rest_route=\/wp\/v2\/posts\/28115\/revisions"}],"predecessor-version":[{"id":28117,"href":"https:\/\/www.yungayino.cl\/noticias\/index.php?rest_route=\/wp\/v2\/posts\/28115\/revisions\/28117"}],"wp:featuredmedia":[{"embeddable":true,"href":"https:\/\/www.yungayino.cl\/noticias\/index.php?rest_route=\/wp\/v2\/media\/28116"}],"wp:attachment":[{"href":"https:\/\/www.yungayino.cl\/noticias\/index.php?rest_route=%2Fwp%2Fv2%2Fmedia&parent=28115"}],"wp:term":[{"taxonomy":"category","embeddable":true,"href":"https:\/\/www.yungayino.cl\/noticias\/index.php?rest_route=%2Fwp%2Fv2%2Fcategories&post=28115"},{"taxonomy":"post_tag","embeddable":true,"href":"https:\/\/www.yungayino.cl\/noticias\/index.php?rest_route=%2Fwp%2Fv2%2Ftags&post=28115"}],"curies":[{"name":"wp","href":"https:\/\/api.w.org\/{rel}","templated":true}]}}