{"id":28118,"date":"2023-03-29T07:00:42","date_gmt":"2023-03-29T11:00:42","guid":{"rendered":"http:\/\/www.yungayino.cl\/noticias\/?p=28118"},"modified":"2023-03-22T19:42:32","modified_gmt":"2023-03-22T23:42:32","slug":"279-mil-625-personas-recibiran-la-vacuna-contra-la-influenza-en-nuble","status":"publish","type":"post","link":"https:\/\/www.yungayino.cl\/noticias\/?p=28118","title":{"rendered":"279 mil 625 Personas Recibir\u00e1n la Vacuna Contra la Influenza en \u00d1uble"},"content":{"rendered":"<p><img loading=\"lazy\" decoding=\"async\" class=\"alignnone wp-image-28120 size-full\" src=\"http:\/\/www.yungayino.cl\/noticias\/wp-content\/uploads\/2023\/03\/Vacunateconladupla.jpg\" alt=\"\" width=\"700\" height=\"350\" srcset=\"https:\/\/www.yungayino.cl\/noticias\/wp-content\/uploads\/2023\/03\/Vacunateconladupla.jpg 700w, https:\/\/www.yungayino.cl\/noticias\/wp-content\/uploads\/2023\/03\/Vacunateconladupla-300x150.jpg 300w\" sizes=\"auto, (max-width: 700px) 100vw, 700px\" \/><\/p>\n<p style=\"text-align: justify;\">\u00d1uble, marzo 2023: En dependencias del CESFAM Violeta Parra, autoridades regionales dieron el vamos a la campa\u00f1a de inoculaci\u00f3n contra la Influenza. La estrategia se desarrollar\u00e1 en m\u00e1s de 80 puntos dispuestos en las 21 comunas del territorio.<\/p>\n<p style=\"text-align: justify;\">Un nuevo desaf\u00edo en salud comenz\u00f3 en el pa\u00eds y en nuestra regi\u00f3n. Se trata de la Campa\u00f1a de Vacunaci\u00f3n Contra la Influenza, a trav\u00e9s de la cual se busca inocular a m\u00e1s de 279 mil 625 personas en todo \u00d1uble, la cual se suma al vigente proceso de inmunizaci\u00f3n contra el Covid-19.<\/p>\n<p style=\"text-align: justify;\">La estrategia, denominada \u201cVac\u00fanate con la Dupla\u201d, que llama a suministrarse ambas dosis, fue lanzada por autoridades regionales en dependencias del Centro de Salud Familiar Violeta Parra de Chill\u00e1n, quienes resaltaron la importancia de llevar a cabo este proceso para proteger la salud de la comunidad, de cara al inicio de los meses m\u00e1s fr\u00edos y complejos del a\u00f1o.<\/p>\n<p style=\"text-align: justify;\">\u201cEstamos dando inicio a esta importante campa\u00f1a, a prop\u00f3sito de que se acerca la temporada m\u00e1s fuerte, en t\u00e9rminos de las bajas temperaturas y lluvia, por lo que queremos estar preparados. El llamado es a toda la poblaci\u00f3n, para que se acerque a los distintos puntos que est\u00e1n desplegados a lo largo de nuestra red asistencial, los que superan los 80, tanto en los establecimientos de salud como los extramural, para seguir manteniendo esta inmunizaci\u00f3n\u201d, destac\u00f3 la Directora (s) del Servicio de Salud \u00d1uble (SS\u00d1), Elizabeth Abarca Trivi\u00f1o.<\/p>\n<p style=\"text-align: justify;\">La directiva adem\u00e1s recalc\u00f3 que \u201cel valor agregado en este proceso, es que tambi\u00e9n, en cada uno de estos dispositivos, estar\u00e1 disponible la vacunaci\u00f3n contra el Covid-19, por lo tanto, nuestros equipos van a estar preparados para inocular contra ambos virus, protegiendo as\u00ed a toda la ciudadan\u00eda\u201d.<\/p>\n<p style=\"text-align: justify;\">La influenza es una enfermedad grave y contagiosa, cuya vacuna podr\u00e1 ser suministrada a la poblaci\u00f3n m\u00e1s vulnerable y expuesta. En esa l\u00ednea, la Seremi de Salud de la Regi\u00f3n de \u00d1uble, Ximena Salinas Urrutia, enfatiz\u00f3 que \u201coficialmente a nivel nacional se inici\u00f3 la campa\u00f1a de vacunaci\u00f3n, la cual est\u00e1 dispuesta desde el 15 de marzo hasta aproximadamente el 17 de mayo, destacando que en esta oportunidad se puede inmunizar con ambas vacunas, ya que est\u00e1n actuando como una dupla, que puede ser suministrada de manera simult\u00e1nea. Por ello, es que hacemos un llamado a la poblaci\u00f3n de riesgo a que acuda a vacunarse, contra la Influenza y el Covid-19, y de esa manera proteger su salud durante este invierno\u201d.<\/p>\n<p style=\"text-align: justify;\">Asimismo, el Subdirector de Gesti\u00f3n Asistencial del Servicio de Salud \u00d1uble, Dr. Max Besser Valenzuela, indic\u00f3 que, \u201cprontamente iniciar\u00e1 el invierno, donde se avecina la presencia de distintos cuadros respiratorios en la poblaci\u00f3n. Por eso, es fundamental estar preparados, cobrando mayor importancia este proceso de inmunizaci\u00f3n. La poblaci\u00f3n objetivo de \u00d1uble supera las 279 mil personas, las que queremos que est\u00e9n protegidas y con sus defensas preparadas para evitar infecciones graves y complicaciones de salud\u201d.<\/p>\n<p style=\"text-align: justify;\">Poblaci\u00f3n objetivo<\/p>\n<p style=\"text-align: justify;\">La vacuna contra influenza tiene por objetivo cuidar la salud de las personas m\u00e1s vulnerables de la poblaci\u00f3n. \u201cLos grupos objetivo para esta campa\u00f1a contra influenza son las personas mayores, de los 65 a\u00f1os en adelante; personas con enfermedades cr\u00f3nicas desde los 11 a los 64 a\u00f1os; ni\u00f1os y ni\u00f1as desde los 6 meses hasta 5\u00b0 a\u00f1o b\u00e1sico; trabajadores de la educaci\u00f3n pre escolar y hasta 5\u00b0 a\u00f1o b\u00e1sico; las familias de ni\u00f1as y ni\u00f1os prematuros o con alg\u00fan problema de salud, menores de 6 meses; las y los cuidadores de personas mayores; trabajadores de av\u00edcolas o criaderos de cerdos; adem\u00e1s de personal de salud\u201d, precis\u00f3, V\u00edctor C\u00e1diz, Encargado del programa Nacional de Inmunizaciones de la Seremi de Salud.<\/p>\n<p style=\"text-align: justify;\">Los puntos de vacunaci\u00f3n, dispuestos para esta campa\u00f1a, se encuentran publicados en la p\u00e1gina web y redes sociales del Servicio de Salud \u00d1uble.<\/p>\n<p>&nbsp;<\/p>\n<p style=\"text-align: center;\"><span style=\"font-size: 24pt;\"><strong>VACUNACI\u00d3N EN YUNGAY<\/strong><\/span><\/p>\n<p><img loading=\"lazy\" decoding=\"async\" class=\"wp-image-28119 size-full aligncenter\" src=\"http:\/\/www.yungayino.cl\/noticias\/wp-content\/uploads\/2023\/03\/vacuna-influenza-yungay-2023.jpg\" alt=\"\" width=\"420\" height=\"544\" srcset=\"https:\/\/www.yungayino.cl\/noticias\/wp-content\/uploads\/2023\/03\/vacuna-influenza-yungay-2023.jpg 420w, https:\/\/www.yungayino.cl\/noticias\/wp-content\/uploads\/2023\/03\/vacuna-influenza-yungay-2023-232x300.jpg 232w, https:\/\/www.yungayino.cl\/noticias\/wp-content\/uploads\/2023\/03\/vacuna-influenza-yungay-2023-116x150.jpg 116w\" sizes=\"auto, (max-width: 420px) 100vw, 420px\" \/><\/p>\n","protected":false},"excerpt":{"rendered":"<p>\u00d1uble, marzo 2023: En dependencias del CESFAM Violeta Parra, autoridades regionales dieron el vamos a la campa\u00f1a de inoculaci\u00f3n contra la Influenza. La estrategia se desarrollar\u00e1 en m\u00e1s de 80 puntos dispuestos en las&#46;&#46;&#46;<\/p>\n","protected":false},"author":2,"featured_media":28120,"comment_status":"closed","ping_status":"open","sticky":false,"template":"","format":"standard","meta":{"footnotes":""},"categories":[1,1675,1676],"tags":[341,1115,65,2426,8,6,117],"class_list":["post-28118","post","type-post","status-publish","format-standard","has-post-thumbnail","hentry","category-noticias","category-saludc","category-salud","tag-influenza","tag-noticias","tag-salud","tag-vacuna","tag-yungay","tag-yungayino","tag-yungayinocl"],"_links":{"self":[{"href":"https:\/\/www.yungayino.cl\/noticias\/index.php?rest_route=\/wp\/v2\/posts\/28118","targetHints":{"allow":["GET"]}}],"collection":[{"href":"https:\/\/www.yungayino.cl\/noticias\/index.php?rest_route=\/wp\/v2\/posts"}],"about":[{"href":"https:\/\/www.yungayino.cl\/noticias\/index.php?rest_route=\/wp\/v2\/types\/post"}],"author":[{"embeddable":true,"href":"https:\/\/www.yungayino.cl\/noticias\/index.php?rest_route=\/wp\/v2\/users\/2"}],"replies":[{"embeddable":true,"href":"https:\/\/www.yungayino.cl\/noticias\/index.php?rest_route=%2Fwp%2Fv2%2Fcomments&post=28118"}],"version-history":[{"count":2,"href":"https:\/\/www.yungayino.cl\/noticias\/index.php?rest_route=\/wp\/v2\/posts\/28118\/revisions"}],"predecessor-version":[{"id":28122,"href":"https:\/\/www.yungayino.cl\/noticias\/index.php?rest_route=\/wp\/v2\/posts\/28118\/revisions\/28122"}],"wp:featuredmedia":[{"embeddable":true,"href":"https:\/\/www.yungayino.cl\/noticias\/index.php?rest_route=\/wp\/v2\/media\/28120"}],"wp:attachment":[{"href":"https:\/\/www.yungayino.cl\/noticias\/index.php?rest_route=%2Fwp%2Fv2%2Fmedia&parent=28118"}],"wp:term":[{"taxonomy":"category","embeddable":true,"href":"https:\/\/www.yungayino.cl\/noticias\/index.php?rest_route=%2Fwp%2Fv2%2Fcategories&post=28118"},{"taxonomy":"post_tag","embeddable":true,"href":"https:\/\/www.yungayino.cl\/noticias\/index.php?rest_route=%2Fwp%2Fv2%2Ftags&post=28118"}],"curies":[{"name":"wp","href":"https:\/\/api.w.org\/{rel}","templated":true}]}}