{"id":28138,"date":"2023-03-30T07:00:42","date_gmt":"2023-03-30T11:00:42","guid":{"rendered":"http:\/\/www.yungayino.cl\/noticias\/?p=28138"},"modified":"2023-03-28T18:20:44","modified_gmt":"2023-03-28T22:20:44","slug":"inauguran-galpon-financiado-a-traves-del-programa-mas-lena-seca","status":"publish","type":"post","link":"https:\/\/www.yungayino.cl\/noticias\/?p=28138","title":{"rendered":"Inauguran Galp\u00f3n Financiado a Trav\u00e9s del Programa M\u00e1s Le\u00f1a Seca"},"content":{"rendered":"<p><img loading=\"lazy\" decoding=\"async\" class=\"alignnone wp-image-28139 size-full\" src=\"http:\/\/www.yungayino.cl\/noticias\/wp-content\/uploads\/2023\/03\/lena-1.jpg\" alt=\"\" width=\"700\" height=\"350\" srcset=\"https:\/\/www.yungayino.cl\/noticias\/wp-content\/uploads\/2023\/03\/lena-1.jpg 700w, https:\/\/www.yungayino.cl\/noticias\/wp-content\/uploads\/2023\/03\/lena-1-300x150.jpg 300w\" sizes=\"auto, (max-width: 700px) 100vw, 700px\" \/><\/p>\n<p style=\"text-align: justify;\">Yungay, marzo 2023: Alcalde Rafael Cifuentes Rodr\u00edguez, su equipo t\u00e9cnico, junto al seremi de energ\u00eda, Ricardo Le\u00f3n Cifuentes y los encargados de Dendroenerg\u00eda de Conaf participaron de la inauguraci\u00f3n del galp\u00f3n de Jos\u00e9 Mauricio Riquelme, obtenido a trav\u00e9s del programa \u201cM\u00e1s Le\u00f1a seca\u201d del Ministerio de Energ\u00eda.<\/p>\n<p style=\"text-align: justify;\">El programa M\u00e1s Le\u00f1a Seca es un fondo concursable no reembolsable que a trav\u00e9s de una transferencia de recursos a los postulantes seleccionados, busca incentivar la producci\u00f3n y el comercio de le\u00f1a seca mediante la construcci\u00f3n e implementaci\u00f3n de Centros de Acopio y Secado de Le\u00f1a en la regi\u00f3n.<\/p>\n<p style=\"text-align: justify;\">Jos\u00e9 Mauricio Riquelme obtuvo su sello de calidad y su galp\u00f3n, gracias su gran trabajo y al acompa\u00f1amiento de la oficina municipal forestal.<\/p>\n<p>&nbsp;<\/p>\n<p><img loading=\"lazy\" decoding=\"async\" class=\"alignnone wp-image-28140 size-full\" src=\"http:\/\/www.yungayino.cl\/noticias\/wp-content\/uploads\/2023\/03\/lena-2.jpg\" alt=\"\" width=\"700\" height=\"467\" srcset=\"https:\/\/www.yungayino.cl\/noticias\/wp-content\/uploads\/2023\/03\/lena-2.jpg 700w, https:\/\/www.yungayino.cl\/noticias\/wp-content\/uploads\/2023\/03\/lena-2-300x200.jpg 300w, https:\/\/www.yungayino.cl\/noticias\/wp-content\/uploads\/2023\/03\/lena-2-225x150.jpg 225w\" sizes=\"auto, (max-width: 700px) 100vw, 700px\" \/><\/p>\n","protected":false},"excerpt":{"rendered":"<p>Yungay, marzo 2023: Alcalde Rafael Cifuentes Rodr\u00edguez, su equipo t\u00e9cnico, junto al seremi de energ\u00eda, Ricardo Le\u00f3n Cifuentes y los encargados de Dendroenerg\u00eda de Conaf participaron de la inauguraci\u00f3n del galp\u00f3n de Jos\u00e9 Mauricio&#46;&#46;&#46;<\/p>\n","protected":false},"author":2,"featured_media":28139,"comment_status":"closed","ping_status":"open","sticky":false,"template":"","format":"standard","meta":{"footnotes":""},"categories":[1],"tags":[2790,1115,8,6,117],"class_list":["post-28138","post","type-post","status-publish","format-standard","has-post-thumbnail","hentry","category-noticias","tag-lena-seca","tag-noticias","tag-yungay","tag-yungayino","tag-yungayinocl"],"_links":{"self":[{"href":"https:\/\/www.yungayino.cl\/noticias\/index.php?rest_route=\/wp\/v2\/posts\/28138","targetHints":{"allow":["GET"]}}],"collection":[{"href":"https:\/\/www.yungayino.cl\/noticias\/index.php?rest_route=\/wp\/v2\/posts"}],"about":[{"href":"https:\/\/www.yungayino.cl\/noticias\/index.php?rest_route=\/wp\/v2\/types\/post"}],"author":[{"embeddable":true,"href":"https:\/\/www.yungayino.cl\/noticias\/index.php?rest_route=\/wp\/v2\/users\/2"}],"replies":[{"embeddable":true,"href":"https:\/\/www.yungayino.cl\/noticias\/index.php?rest_route=%2Fwp%2Fv2%2Fcomments&post=28138"}],"version-history":[{"count":1,"href":"https:\/\/www.yungayino.cl\/noticias\/index.php?rest_route=\/wp\/v2\/posts\/28138\/revisions"}],"predecessor-version":[{"id":28141,"href":"https:\/\/www.yungayino.cl\/noticias\/index.php?rest_route=\/wp\/v2\/posts\/28138\/revisions\/28141"}],"wp:featuredmedia":[{"embeddable":true,"href":"https:\/\/www.yungayino.cl\/noticias\/index.php?rest_route=\/wp\/v2\/media\/28139"}],"wp:attachment":[{"href":"https:\/\/www.yungayino.cl\/noticias\/index.php?rest_route=%2Fwp%2Fv2%2Fmedia&parent=28138"}],"wp:term":[{"taxonomy":"category","embeddable":true,"href":"https:\/\/www.yungayino.cl\/noticias\/index.php?rest_route=%2Fwp%2Fv2%2Fcategories&post=28138"},{"taxonomy":"post_tag","embeddable":true,"href":"https:\/\/www.yungayino.cl\/noticias\/index.php?rest_route=%2Fwp%2Fv2%2Ftags&post=28138"}],"curies":[{"name":"wp","href":"https:\/\/api.w.org\/{rel}","templated":true}]}}