{"id":28145,"date":"2023-03-31T07:00:45","date_gmt":"2023-03-31T11:00:45","guid":{"rendered":"http:\/\/www.yungayino.cl\/noticias\/?p=28145"},"modified":"2023-03-28T18:27:00","modified_gmt":"2023-03-28T22:27:00","slug":"con-exito-se-llevo-a-cabo-el-proyecto-el-ambiente-nos-importa-gestion-de-residuos-y-eficiencia-energetica-en-tres-ranchos-financiado-por-el-7-fndr-del-gobierno-regional-de-nuble","status":"publish","type":"post","link":"https:\/\/www.yungayino.cl\/noticias\/?p=28145","title":{"rendered":"Con \u00c9xito se Llev\u00f3 a Cabo el Proyecto \u00abEl Ambiente Nos Importa, Gesti\u00f3n de Residuos y Eficiencia Energ\u00e9tica en Tres Ranchos\u00bb, Financiado por el 7% FNDR del Gobierno Regional de \u00d1uble"},"content":{"rendered":"<p><img loading=\"lazy\" decoding=\"async\" class=\"alignnone wp-image-28146 size-full\" src=\"http:\/\/www.yungayino.cl\/noticias\/wp-content\/uploads\/2023\/03\/eficiencia-energetica.jpg\" alt=\"\" width=\"700\" height=\"350\" srcset=\"https:\/\/www.yungayino.cl\/noticias\/wp-content\/uploads\/2023\/03\/eficiencia-energetica.jpg 700w, https:\/\/www.yungayino.cl\/noticias\/wp-content\/uploads\/2023\/03\/eficiencia-energetica-300x150.jpg 300w\" sizes=\"auto, (max-width: 700px) 100vw, 700px\" \/><\/p>\n<p style=\"text-align: justify;\">Yungay, marzo 2023: La iniciativa que fue promovida y apoyada por la Municipalidad de Yungay, consisti\u00f3 en el desarrollo de instancias de educaci\u00f3n ambiental, y en la entrega de vermicomposteras y focos fotovoltaicos a 27 familias de la comunidad de Tres Ranchos.<\/p>\n<p style=\"text-align: justify;\">De esta manera se dio respuesta a la sentida necesidad de mejorar las condiciones de luminosidad en el sector, y reducir la tasa de generaci\u00f3n de residuos mediante la t\u00e9cnica del vermicompostaje, contribuyendo as\u00ed mismo a la estrategia ambiental comunal de Yungay.<\/p>\n","protected":false},"excerpt":{"rendered":"<p>Yungay, marzo 2023: La iniciativa que fue promovida y apoyada por la Municipalidad de Yungay, consisti\u00f3 en el desarrollo de instancias de educaci\u00f3n ambiental, y en la entrega de vermicomposteras y focos fotovoltaicos a&#46;&#46;&#46;<\/p>\n","protected":false},"author":2,"featured_media":28146,"comment_status":"closed","ping_status":"open","sticky":false,"template":"","format":"standard","meta":{"footnotes":""},"categories":[1],"tags":[1115,569,8,6,117],"class_list":["post-28145","post","type-post","status-publish","format-standard","has-post-thumbnail","hentry","category-noticias","tag-noticias","tag-tres-ranchos","tag-yungay","tag-yungayino","tag-yungayinocl"],"_links":{"self":[{"href":"https:\/\/www.yungayino.cl\/noticias\/index.php?rest_route=\/wp\/v2\/posts\/28145","targetHints":{"allow":["GET"]}}],"collection":[{"href":"https:\/\/www.yungayino.cl\/noticias\/index.php?rest_route=\/wp\/v2\/posts"}],"about":[{"href":"https:\/\/www.yungayino.cl\/noticias\/index.php?rest_route=\/wp\/v2\/types\/post"}],"author":[{"embeddable":true,"href":"https:\/\/www.yungayino.cl\/noticias\/index.php?rest_route=\/wp\/v2\/users\/2"}],"replies":[{"embeddable":true,"href":"https:\/\/www.yungayino.cl\/noticias\/index.php?rest_route=%2Fwp%2Fv2%2Fcomments&post=28145"}],"version-history":[{"count":3,"href":"https:\/\/www.yungayino.cl\/noticias\/index.php?rest_route=\/wp\/v2\/posts\/28145\/revisions"}],"predecessor-version":[{"id":28149,"href":"https:\/\/www.yungayino.cl\/noticias\/index.php?rest_route=\/wp\/v2\/posts\/28145\/revisions\/28149"}],"wp:featuredmedia":[{"embeddable":true,"href":"https:\/\/www.yungayino.cl\/noticias\/index.php?rest_route=\/wp\/v2\/media\/28146"}],"wp:attachment":[{"href":"https:\/\/www.yungayino.cl\/noticias\/index.php?rest_route=%2Fwp%2Fv2%2Fmedia&parent=28145"}],"wp:term":[{"taxonomy":"category","embeddable":true,"href":"https:\/\/www.yungayino.cl\/noticias\/index.php?rest_route=%2Fwp%2Fv2%2Fcategories&post=28145"},{"taxonomy":"post_tag","embeddable":true,"href":"https:\/\/www.yungayino.cl\/noticias\/index.php?rest_route=%2Fwp%2Fv2%2Ftags&post=28145"}],"curies":[{"name":"wp","href":"https:\/\/api.w.org\/{rel}","templated":true}]}}