{"id":2815,"date":"2010-01-11T15:00:25","date_gmt":"2010-01-11T19:00:25","guid":{"rendered":"http:\/\/www.yungayino.cl\/noticias\/?p=2815"},"modified":"2010-01-11T19:09:28","modified_gmt":"2010-01-11T23:09:28","slug":"reunion-sobre-ley-del-bosque-nativo-en-yungay","status":"publish","type":"post","link":"https:\/\/www.yungayino.cl\/noticias\/?p=2815","title":{"rendered":"Reuni\u00f3n sobre Ley del Bosque Nativo en Yungay"},"content":{"rendered":"<p><img decoding=\"async\" src=\"http:\/\/www.yungayino.cl\/imagenes\/bosquenativo1.jpg\" alt=\"Reuni\u00f3n sobre Ley del Bosque Nativo en Yungay\" \/><img decoding=\"async\" src=\"http:\/\/www.yungayino.cl\/imagenes\/bosquenativo2.jpg\" alt=\"Reuni\u00f3n sobre Ley del Bosque Nativo en Yungay\" \/><\/p>\n<p align=\"justify\"><font size=\"2\">Yungay, se invita a todos los propietarios de bosques nativos de nuestra comuna a participar del Fondo Concursable de la Ley de Recuperaci\u00f3n del Bosque Nativo y Fomento Forestal, destinado a la conservaci\u00f3n, recuperaci\u00f3n y manejo sustentable del bosque nativo. Es una ley de reciente promulgaci\u00f3n y se ha notado el inter\u00e9s de los propietarios forestales en la mayor\u00eda de las regiones del pa\u00eds. En esta oportunidad vendr\u00e1n profesionales de CONAF \u00d1uble que expondr\u00e1n el tema para conocer de buena manera esta Ley y analizar las alternativas que le pudieran convenir y beneficiar para su postulaci\u00f3n. Mayores informaciones en <a href=\"http:\/\/www.conaf.cl\">www.conaf.cl<\/a> o con Julio Rosales Sep\u00falveda; Fomento Productivo Municipalidad de Yungay, tel\u00e9fonos (042) 680601; 67951068 y 94696355.<br \/>\nReuniones Informativas:<br \/>\nMartes 12 enero 2010, en sus respectivas sedes sociales de sus Juntas de Vecinos 09:30 horas en Los Laureles, 12:30 horas en Ranchillo Alto-Calabozo y 15:30 horas en El Avellano.<br \/>\nMi\u00e9rcoles 13 enero 2010,  11:00 horas en el Liceo de Yungay.<br \/>\nJueves 14 enero 2010, en sus respectivas sedes sociales de sus Juntas de Vecinos 09:30 horas en San Antonio, 12:30 horas en Santa Luc\u00eda Alto, 15:30 horas en Santa Luc\u00eda Bajo.<\/a><\/font><\/p>\n","protected":false},"excerpt":{"rendered":"<p>Yungay, se invita a todos los propietarios de bosques nativos de nuestra comuna a participar del Fondo Concursable de la Ley de Recuperaci\u00f3n del Bosque Nativo y Fomento Forestal, destinado a la conservaci\u00f3n, recuperaci\u00f3n&#46;&#46;&#46;<\/p>\n","protected":false},"author":2,"featured_media":15209,"comment_status":"open","ping_status":"open","sticky":false,"template":"","format":"standard","meta":{"footnotes":""},"categories":[1],"tags":[1115,8,6],"class_list":["post-2815","post","type-post","status-publish","format-standard","has-post-thumbnail","hentry","category-noticias","tag-noticias","tag-yungay","tag-yungayino"],"_links":{"self":[{"href":"https:\/\/www.yungayino.cl\/noticias\/index.php?rest_route=\/wp\/v2\/posts\/2815","targetHints":{"allow":["GET"]}}],"collection":[{"href":"https:\/\/www.yungayino.cl\/noticias\/index.php?rest_route=\/wp\/v2\/posts"}],"about":[{"href":"https:\/\/www.yungayino.cl\/noticias\/index.php?rest_route=\/wp\/v2\/types\/post"}],"author":[{"embeddable":true,"href":"https:\/\/www.yungayino.cl\/noticias\/index.php?rest_route=\/wp\/v2\/users\/2"}],"replies":[{"embeddable":true,"href":"https:\/\/www.yungayino.cl\/noticias\/index.php?rest_route=%2Fwp%2Fv2%2Fcomments&post=2815"}],"version-history":[{"count":4,"href":"https:\/\/www.yungayino.cl\/noticias\/index.php?rest_route=\/wp\/v2\/posts\/2815\/revisions"}],"predecessor-version":[{"id":2819,"href":"https:\/\/www.yungayino.cl\/noticias\/index.php?rest_route=\/wp\/v2\/posts\/2815\/revisions\/2819"}],"wp:featuredmedia":[{"embeddable":true,"href":"https:\/\/www.yungayino.cl\/noticias\/index.php?rest_route=\/wp\/v2\/media\/15209"}],"wp:attachment":[{"href":"https:\/\/www.yungayino.cl\/noticias\/index.php?rest_route=%2Fwp%2Fv2%2Fmedia&parent=2815"}],"wp:term":[{"taxonomy":"category","embeddable":true,"href":"https:\/\/www.yungayino.cl\/noticias\/index.php?rest_route=%2Fwp%2Fv2%2Fcategories&post=2815"},{"taxonomy":"post_tag","embeddable":true,"href":"https:\/\/www.yungayino.cl\/noticias\/index.php?rest_route=%2Fwp%2Fv2%2Ftags&post=2815"}],"curies":[{"name":"wp","href":"https:\/\/api.w.org\/{rel}","templated":true}]}}