{"id":28150,"date":"2023-04-01T07:00:07","date_gmt":"2023-04-01T11:00:07","guid":{"rendered":"http:\/\/www.yungayino.cl\/noticias\/?p=28150"},"modified":"2023-03-28T18:28:33","modified_gmt":"2023-03-28T22:28:33","slug":"frontel-inicia-programa-barrios-con-energia-en-yungay","status":"publish","type":"post","link":"https:\/\/www.yungayino.cl\/noticias\/?p=28150","title":{"rendered":"Frontel Inicia Programa \u201cBarrios con Energ\u00eda\u201d en Yungay"},"content":{"rendered":"<p><img loading=\"lazy\" decoding=\"async\" class=\"alignnone wp-image-28151 size-full\" src=\"http:\/\/www.yungayino.cl\/noticias\/wp-content\/uploads\/2023\/03\/frontel-barrio-con-energia.jpg\" alt=\"\" width=\"700\" height=\"350\" srcset=\"https:\/\/www.yungayino.cl\/noticias\/wp-content\/uploads\/2023\/03\/frontel-barrio-con-energia.jpg 700w, https:\/\/www.yungayino.cl\/noticias\/wp-content\/uploads\/2023\/03\/frontel-barrio-con-energia-300x150.jpg 300w\" sizes=\"auto, (max-width: 700px) 100vw, 700px\" \/><\/p>\n<p style=\"text-align: justify;\">Yungay, abril 2023: Como un sue\u00f1o hecho realidad describi\u00f3 Jos\u00e9 Ben\u00edtez, presidente del Comit\u00e9 de Adelanto Entre Antenas de Yungay, la nueva iluminaci\u00f3n con la que cuenta la intersecci\u00f3n de calles Nueva con Ignacio Carrera Pinto de este sector, espacio que fue iluminado gracias al programa de \u201cBarrios con Energ\u00eda\u201d de la empresa el\u00e9ctrica.<\/p>\n<p style=\"text-align: justify;\">Para la inauguraci\u00f3n de este proyecto lum\u00ednico ejecutivos de Frontel se reunieron con los dirigentes vecinales y autoridades municipales en el sector beneficiado donde se procedi\u00f3 a realizar un corte de cinta y encender las nuevas luminarias.<\/p>\n<p style=\"text-align: justify;\">\u201cDe mi parte y representando a los vecinos estamos muy agradecidos de que hayan acogido nuestra petici\u00f3n porque es un tremendo cambio de vida, m\u00e1s c\u00f3modo, m\u00e1s iluminado, as\u00ed que se les agradece mucho. En nombre de todos mis vecinos y a la vez esperando que tengamos m\u00e1s proyectos como este, gracias a Frontel por el trabajo realizado\u201d se\u00f1al\u00f3 Ben\u00edtez.<\/p>\n<p style=\"text-align: justify;\">En la simb\u00f3lica inauguraci\u00f3n estuvo presente el gerente zonal de Frontel, Fernando Caire, quien destac\u00f3 que \u201cpara nosotros es sumamente importante participar de estas iniciativas que surgen de los propios vecinos de acuerdo con sus reales necesidades. Tenemos diferentes programas de vinculaci\u00f3n con la comunidad, y este es uno de ellos que busca iluminar barrios, plazas o sectores en particular como este, que por ejemplo permitir\u00e1 que sea m\u00e1s seguro para el tr\u00e1nsito de las personas\u201d.<\/p>\n<p style=\"text-align: justify;\">En tanto el alcalde de Yungay, Rafael Cifuentes, valor\u00f3 el nuevo programa de vinculaci\u00f3n de Frontel y agradeci\u00f3 que la puesta en marcha se realizar\u00e1 en su comuna, \u201cagradecemos el apoyo, esta calle necesitaba m\u00e1s iluminaci\u00f3n y es bueno para los vecinos porque esto nos da m\u00e1s tranquilidad, m\u00e1s seguridad, con esta v\u00eda iluminada, as\u00ed que se agradece y esperamos poder seguir concretando m\u00e1s proyecto que van en directo beneficio de nuestros vecinos\u201d.<\/p>\n<p style=\"text-align: justify;\">La realizaci\u00f3n de este proyecto fue gracias al nuevo programa de vinculaci\u00f3n con la comunidad de Frontel denominado \u201cBarrios con Energ\u00eda\u201d y que ofrece mejorar los puntos de encuentro de la comunidad con mayor y m\u00e1s eficiente iluminaci\u00f3n.<\/p>\n<p style=\"text-align: justify;\">Desde Frontel, recalcan a la comunidad que, para obtener mayor informaci\u00f3n sobre estas y otras iniciativas, los vecinos y vecinas pueden informarse a trav\u00e9s de la p\u00e1gina web <a href=\"http:\/\/www.frontel.cl\">www.frontel.cl<\/a> y redes sociales como twitter @frontel_, fanpage de Facebook, adem\u00e1s de la l\u00ednea gratuita 800 600 802.<\/p>\n","protected":false},"excerpt":{"rendered":"<p>Yungay, abril 2023: Como un sue\u00f1o hecho realidad describi\u00f3 Jos\u00e9 Ben\u00edtez, presidente del Comit\u00e9 de Adelanto Entre Antenas de Yungay, la nueva iluminaci\u00f3n con la que cuenta la intersecci\u00f3n de calles Nueva con Ignacio&#46;&#46;&#46;<\/p>\n","protected":false},"author":2,"featured_media":28151,"comment_status":"closed","ping_status":"open","sticky":false,"template":"","format":"standard","meta":{"footnotes":""},"categories":[1],"tags":[1094,1115,8,6,117],"class_list":["post-28150","post","type-post","status-publish","format-standard","has-post-thumbnail","hentry","category-noticias","tag-frontel","tag-noticias","tag-yungay","tag-yungayino","tag-yungayinocl"],"_links":{"self":[{"href":"https:\/\/www.yungayino.cl\/noticias\/index.php?rest_route=\/wp\/v2\/posts\/28150","targetHints":{"allow":["GET"]}}],"collection":[{"href":"https:\/\/www.yungayino.cl\/noticias\/index.php?rest_route=\/wp\/v2\/posts"}],"about":[{"href":"https:\/\/www.yungayino.cl\/noticias\/index.php?rest_route=\/wp\/v2\/types\/post"}],"author":[{"embeddable":true,"href":"https:\/\/www.yungayino.cl\/noticias\/index.php?rest_route=\/wp\/v2\/users\/2"}],"replies":[{"embeddable":true,"href":"https:\/\/www.yungayino.cl\/noticias\/index.php?rest_route=%2Fwp%2Fv2%2Fcomments&post=28150"}],"version-history":[{"count":1,"href":"https:\/\/www.yungayino.cl\/noticias\/index.php?rest_route=\/wp\/v2\/posts\/28150\/revisions"}],"predecessor-version":[{"id":28152,"href":"https:\/\/www.yungayino.cl\/noticias\/index.php?rest_route=\/wp\/v2\/posts\/28150\/revisions\/28152"}],"wp:featuredmedia":[{"embeddable":true,"href":"https:\/\/www.yungayino.cl\/noticias\/index.php?rest_route=\/wp\/v2\/media\/28151"}],"wp:attachment":[{"href":"https:\/\/www.yungayino.cl\/noticias\/index.php?rest_route=%2Fwp%2Fv2%2Fmedia&parent=28150"}],"wp:term":[{"taxonomy":"category","embeddable":true,"href":"https:\/\/www.yungayino.cl\/noticias\/index.php?rest_route=%2Fwp%2Fv2%2Fcategories&post=28150"},{"taxonomy":"post_tag","embeddable":true,"href":"https:\/\/www.yungayino.cl\/noticias\/index.php?rest_route=%2Fwp%2Fv2%2Ftags&post=28150"}],"curies":[{"name":"wp","href":"https:\/\/api.w.org\/{rel}","templated":true}]}}