{"id":28153,"date":"2023-03-31T08:00:46","date_gmt":"2023-03-31T12:00:46","guid":{"rendered":"http:\/\/www.yungayino.cl\/noticias\/?p=28153"},"modified":"2023-03-28T18:29:55","modified_gmt":"2023-03-28T22:29:55","slug":"kits-de-higiene-menstrual-para-mujeres-afectadas-por-los-incendios-forestales","status":"publish","type":"post","link":"https:\/\/www.yungayino.cl\/noticias\/?p=28153","title":{"rendered":"Kits de Higiene Menstrual Para Mujeres Afectadas por los Incendios Forestales"},"content":{"rendered":"<p><img loading=\"lazy\" decoding=\"async\" class=\"alignnone wp-image-28154 size-full\" src=\"http:\/\/www.yungayino.cl\/noticias\/wp-content\/uploads\/2023\/03\/kits.jpg\" alt=\"\" width=\"700\" height=\"350\" srcset=\"https:\/\/www.yungayino.cl\/noticias\/wp-content\/uploads\/2023\/03\/kits.jpg 700w, https:\/\/www.yungayino.cl\/noticias\/wp-content\/uploads\/2023\/03\/kits-300x150.jpg 300w\" sizes=\"auto, (max-width: 700px) 100vw, 700px\" \/><\/p>\n<p style=\"text-align: justify;\">Yungay, marzo 2023: Seremi de la Mujer y Equidad de G\u00e9nero, Cristina Martin S\u00e1ez, junto al director de la Sede Chill\u00e1n del Instituto Profesional Virginio G\u00f3mez, Mauricio L\u00f3pez Mu\u00f1oz, hicieron entrega de 100 kits de higiene menstrual para distribuir a entre las mujeres afectadas en nuestra comuna por los incendios forestales de febrero.<\/p>\n<p style=\"text-align: justify;\">Cada Kit contiene:<\/p>\n<ul style=\"text-align: justify;\">\n<li>2 packs de toallitas higi\u00e9nicas diurnas<\/li>\n<li>2 packs de toallitas higi\u00e9nicas nocturnas<\/li>\n<li>1 pack de toallitas h\u00famedas<\/li>\n<\/ul>\n<p style=\"text-align: justify;\">La necesidad fue destacada por el Ministerio de la Mujer y la Equidad de G\u00e9nero y agenciada mediante ONU Mujeres, quien tramit\u00f3 la compra de los kits y los envi\u00f3 a las diferentes regiones afectadas por la emergencia.<\/p>\n","protected":false},"excerpt":{"rendered":"<p>Yungay, marzo 2023: Seremi de la Mujer y Equidad de G\u00e9nero, Cristina Martin S\u00e1ez, junto al director de la Sede Chill\u00e1n del Instituto Profesional Virginio G\u00f3mez, Mauricio L\u00f3pez Mu\u00f1oz, hicieron entrega de 100 kits&#46;&#46;&#46;<\/p>\n","protected":false},"author":2,"featured_media":28154,"comment_status":"closed","ping_status":"open","sticky":false,"template":"","format":"standard","meta":{"footnotes":""},"categories":[1],"tags":[2791,1115,8,6,117],"class_list":["post-28153","post","type-post","status-publish","format-standard","has-post-thumbnail","hentry","category-noticias","tag-kits-higiene-menstrual","tag-noticias","tag-yungay","tag-yungayino","tag-yungayinocl"],"_links":{"self":[{"href":"https:\/\/www.yungayino.cl\/noticias\/index.php?rest_route=\/wp\/v2\/posts\/28153","targetHints":{"allow":["GET"]}}],"collection":[{"href":"https:\/\/www.yungayino.cl\/noticias\/index.php?rest_route=\/wp\/v2\/posts"}],"about":[{"href":"https:\/\/www.yungayino.cl\/noticias\/index.php?rest_route=\/wp\/v2\/types\/post"}],"author":[{"embeddable":true,"href":"https:\/\/www.yungayino.cl\/noticias\/index.php?rest_route=\/wp\/v2\/users\/2"}],"replies":[{"embeddable":true,"href":"https:\/\/www.yungayino.cl\/noticias\/index.php?rest_route=%2Fwp%2Fv2%2Fcomments&post=28153"}],"version-history":[{"count":2,"href":"https:\/\/www.yungayino.cl\/noticias\/index.php?rest_route=\/wp\/v2\/posts\/28153\/revisions"}],"predecessor-version":[{"id":28156,"href":"https:\/\/www.yungayino.cl\/noticias\/index.php?rest_route=\/wp\/v2\/posts\/28153\/revisions\/28156"}],"wp:featuredmedia":[{"embeddable":true,"href":"https:\/\/www.yungayino.cl\/noticias\/index.php?rest_route=\/wp\/v2\/media\/28154"}],"wp:attachment":[{"href":"https:\/\/www.yungayino.cl\/noticias\/index.php?rest_route=%2Fwp%2Fv2%2Fmedia&parent=28153"}],"wp:term":[{"taxonomy":"category","embeddable":true,"href":"https:\/\/www.yungayino.cl\/noticias\/index.php?rest_route=%2Fwp%2Fv2%2Fcategories&post=28153"},{"taxonomy":"post_tag","embeddable":true,"href":"https:\/\/www.yungayino.cl\/noticias\/index.php?rest_route=%2Fwp%2Fv2%2Ftags&post=28153"}],"curies":[{"name":"wp","href":"https:\/\/api.w.org\/{rel}","templated":true}]}}