{"id":28181,"date":"2023-04-04T07:00:12","date_gmt":"2023-04-04T11:00:12","guid":{"rendered":"http:\/\/www.yungayino.cl\/noticias\/?p=28181"},"modified":"2023-04-03T20:41:05","modified_gmt":"2023-04-04T00:41:05","slug":"agrupacion-de-gimnasia-y-baile-despertanto-a-la-vida-celebra-sus-13-anos-de-vida-entregando-los-implementos-deportivos-que-adquirio-gracias-a-su-proyecto-beneficiado-con-fondos-del-gobierno-region","status":"publish","type":"post","link":"https:\/\/www.yungayino.cl\/noticias\/?p=28181","title":{"rendered":"Agrupaci\u00f3n de Gimnasia y Baile \u00abDespertanto A La Vida\u00bb Celebra sus 13 A\u00f1os de Vida Entregando los Implementos Deportivos que Adquiri\u00f3 Gracias a su Proyecto Beneficiado con Fondos del Gobierno Regional de \u00d1uble"},"content":{"rendered":"<p><img loading=\"lazy\" decoding=\"async\" class=\"alignnone wp-image-28182 size-full\" src=\"http:\/\/www.yungayino.cl\/noticias\/wp-content\/uploads\/2023\/04\/03032023grupogimnasia.jpg\" alt=\"\" width=\"700\" height=\"351\" srcset=\"https:\/\/www.yungayino.cl\/noticias\/wp-content\/uploads\/2023\/04\/03032023grupogimnasia.jpg 700w, https:\/\/www.yungayino.cl\/noticias\/wp-content\/uploads\/2023\/04\/03032023grupogimnasia-300x150.jpg 300w, https:\/\/www.yungayino.cl\/noticias\/wp-content\/uploads\/2023\/04\/03032023grupogimnasia-299x150.jpg 299w\" sizes=\"auto, (max-width: 700px) 100vw, 700px\" \/><\/p>\n<p style=\"text-align: justify;\">Yungay, abril 2023: La iniciativa, cuya inversi\u00f3n signific\u00f3 la suma de $883.637, tuvo como objetivo obtener la implementaci\u00f3n deportiva necesaria para el funcionamiento del taller de gimnasia y baile que funciona de marzo a diciembre, a cargo de su monitora Nayadet Arias. Gracias al financiamiento recibido, la agrupaci\u00f3n adquiri\u00f3 zapatillas y un gorro para cada participante.<\/p>\n<p style=\"text-align: justify;\">Despertando a la Vida, fundada el 18 de marzo de 2010, postul\u00f3 al Fondo de Desarrollo Regional con el respaldo y gu\u00eda de la Oficina del Adulto Mayor de la Direcci\u00f3n de Desarrollo Comunitario.<\/p>\n<p>&nbsp;<\/p>\n<p><img loading=\"lazy\" decoding=\"async\" class=\"alignnone wp-image-28183 size-full\" src=\"http:\/\/www.yungayino.cl\/noticias\/wp-content\/uploads\/2023\/04\/03032023grupogimnasia1.jpg\" alt=\"\" width=\"700\" height=\"395\" srcset=\"https:\/\/www.yungayino.cl\/noticias\/wp-content\/uploads\/2023\/04\/03032023grupogimnasia1.jpg 700w, https:\/\/www.yungayino.cl\/noticias\/wp-content\/uploads\/2023\/04\/03032023grupogimnasia1-300x169.jpg 300w, https:\/\/www.yungayino.cl\/noticias\/wp-content\/uploads\/2023\/04\/03032023grupogimnasia1-266x150.jpg 266w\" sizes=\"auto, (max-width: 700px) 100vw, 700px\" \/><\/p>\n","protected":false},"excerpt":{"rendered":"<p>Yungay, abril 2023: La iniciativa, cuya inversi\u00f3n signific\u00f3 la suma de $883.637, tuvo como objetivo obtener la implementaci\u00f3n deportiva necesaria para el funcionamiento del taller de gimnasia y baile que funciona de marzo a&#46;&#46;&#46;<\/p>\n","protected":false},"author":2,"featured_media":28182,"comment_status":"closed","ping_status":"open","sticky":false,"template":"","format":"standard","meta":{"footnotes":""},"categories":[1],"tags":[2799,265,1115,8,6,117],"class_list":["post-28181","post","type-post","status-publish","format-standard","has-post-thumbnail","hentry","category-noticias","tag-agrupacion-de-gimnasia-y-baile","tag-despertando-a-la-vida","tag-noticias","tag-yungay","tag-yungayino","tag-yungayinocl"],"_links":{"self":[{"href":"https:\/\/www.yungayino.cl\/noticias\/index.php?rest_route=\/wp\/v2\/posts\/28181","targetHints":{"allow":["GET"]}}],"collection":[{"href":"https:\/\/www.yungayino.cl\/noticias\/index.php?rest_route=\/wp\/v2\/posts"}],"about":[{"href":"https:\/\/www.yungayino.cl\/noticias\/index.php?rest_route=\/wp\/v2\/types\/post"}],"author":[{"embeddable":true,"href":"https:\/\/www.yungayino.cl\/noticias\/index.php?rest_route=\/wp\/v2\/users\/2"}],"replies":[{"embeddable":true,"href":"https:\/\/www.yungayino.cl\/noticias\/index.php?rest_route=%2Fwp%2Fv2%2Fcomments&post=28181"}],"version-history":[{"count":1,"href":"https:\/\/www.yungayino.cl\/noticias\/index.php?rest_route=\/wp\/v2\/posts\/28181\/revisions"}],"predecessor-version":[{"id":28184,"href":"https:\/\/www.yungayino.cl\/noticias\/index.php?rest_route=\/wp\/v2\/posts\/28181\/revisions\/28184"}],"wp:featuredmedia":[{"embeddable":true,"href":"https:\/\/www.yungayino.cl\/noticias\/index.php?rest_route=\/wp\/v2\/media\/28182"}],"wp:attachment":[{"href":"https:\/\/www.yungayino.cl\/noticias\/index.php?rest_route=%2Fwp%2Fv2%2Fmedia&parent=28181"}],"wp:term":[{"taxonomy":"category","embeddable":true,"href":"https:\/\/www.yungayino.cl\/noticias\/index.php?rest_route=%2Fwp%2Fv2%2Fcategories&post=28181"},{"taxonomy":"post_tag","embeddable":true,"href":"https:\/\/www.yungayino.cl\/noticias\/index.php?rest_route=%2Fwp%2Fv2%2Ftags&post=28181"}],"curies":[{"name":"wp","href":"https:\/\/api.w.org\/{rel}","templated":true}]}}