{"id":28185,"date":"2023-04-05T07:00:14","date_gmt":"2023-04-05T11:00:14","guid":{"rendered":"http:\/\/www.yungayino.cl\/noticias\/?p=28185"},"modified":"2023-04-03T20:42:36","modified_gmt":"2023-04-04T00:42:36","slug":"equipo-segegob-capacito-sobre-fondos-y-desplego-feria-de-servicios-en-yungay","status":"publish","type":"post","link":"https:\/\/www.yungayino.cl\/noticias\/?p=28185","title":{"rendered":"Equipo Segegob Capacit\u00f3 Sobre Fondos y Despleg\u00f3 Feria de Servicios en Yungay"},"content":{"rendered":"<p><img loading=\"lazy\" decoding=\"async\" class=\"alignnone wp-image-28186 size-full\" src=\"http:\/\/www.yungayino.cl\/noticias\/wp-content\/uploads\/2023\/04\/03032023segegob.jpg\" alt=\"\" width=\"700\" height=\"350\" srcset=\"https:\/\/www.yungayino.cl\/noticias\/wp-content\/uploads\/2023\/04\/03032023segegob.jpg 700w, https:\/\/www.yungayino.cl\/noticias\/wp-content\/uploads\/2023\/04\/03032023segegob-300x150.jpg 300w\" sizes=\"auto, (max-width: 700px) 100vw, 700px\" \/><\/p>\n<p style=\"text-align: justify;\">Yungay, abril 2023: Hasta la comuna de Yungay, lleg\u00f3 el equipo de la Secretar\u00eda General de Gobierno, a cargo de la vocera de Gobierno, Valentina Pradenas, para continuar capacitando a la comunidad sobre sus fondos concursables y para organizar feria, donde diversos servicios se pusieron a disposici\u00f3n de las vecinas y vecinos.<\/p>\n<p style=\"text-align: justify;\">Los Fondos de Fortalecimiento de Organizaciones de Inter\u00e9s P\u00fablico, m\u00e1s conocidos como los FFOIP, pertenecen al Ministerio Secretar\u00eda General de Gobierno (Segegob), en nuestra regi\u00f3n a cargo de la seremi Valentina Pradenas y permiten financiar proyectos de car\u00e1cter local, regional y nacional, cuyas finalidades sean la promoci\u00f3n de derechos ciudadanos y el fortalecimiento de la comunidad.<\/p>\n<p style=\"text-align: justify;\">El a\u00f1o pasado postularon a \u00e9ste cerca de 150 grupos pertenecientes a las 21 comunas de \u00d1uble. Sin embargo, solo 38 de estos cumplieron con las bases. Para que este a\u00f1o los beneficiados sean muchos m\u00e1s, desde Segegob han realizado diversas charlas para ense\u00f1ar los conocimientos te\u00f3ricos esenciales para la formulaci\u00f3n de los proyectos. Es as\u00ed como llegaron hasta <strong>Yungay<\/strong> para reunirse con una treintena de dirigentes sociales para orientarlos sobre sus postulaciones.<\/p>\n<p style=\"text-align: justify;\">Las vecinas y vecinos valoraron el encuentro propiciado, el que sin duda les facilitar\u00e1 el acceso a los fondos concursables disponibles para las organizaciones sin fines de lucro. As\u00ed lo se\u00f1al\u00f3 Jaqueline Beltr\u00e1n, presidenta de la junta de vecinos Curapaso Sector Rural. \u201cLa reuni\u00f3n de hoy fue muy fructuosa, nos sacaron de muchas dudas que pudimos consultar. Los expositores aclaran a la perfecci\u00f3n.\u201d Sof\u00eda Triantafilo, presidenta de la junta de vecinos El Pedregal, a\u00f1adi\u00f3: \u201cEstoy feliz de haber participado, los expositores realizaron una excelente presentaci\u00f3n y me gustar\u00eda que se hicieran muchas m\u00e1s como estas, para que todos los que somos dirigentes, estemos capacitados y sepamos bien c\u00f3mo hacer proyectos. Porque en la medida en que todos sepamos, podremos sacarle provecho a estos beneficios que nos entregan para mejorar, salir adelante y lograr ser comunidades m\u00e1s participativas.\u201d<\/p>\n<p style=\"text-align: justify;\">Posteriormente, el equipo se traslad\u00f3 hasta el Gimnasio Municipal de la comuna para desplegar la Feria de Servicios P\u00fablicos \u201cMovilizaDOS\u201d, la que tiene como objetivo conectar al Estado y a las personas de manera directa, acercando la informaci\u00f3n y los servicios p\u00fablicos estatales a las comunidades en sus propios barrios. En \u00e9sta participaron instituciones como el Registro Civil, Chile Atiende, la seremi de Salud, el Servicio de Impuestos Internos, el Instituto de Salud P\u00fablica, el Centro de Estudios San Andr\u00e9s, entre otros. En esta ocasi\u00f3n, fueron decenas de personas quienes a pesar de la lluvia copiosa que ca\u00eda en ese momento, se acercaron al lugar durante la tarde.<\/p>\n<p style=\"text-align: justify;\">La seremi, Valentina Pradenas, se mostr\u00f3 muy contenta por la exitosa jornada desarrollada en Yungay. \u201cHemos ido desarrollando estas charlas por varias comunas de \u00d1uble y estamos muy contentos de ver el inter\u00e9s y la participaci\u00f3n de la gente. Nuestro prop\u00f3sito es seguir entreg\u00e1ndole estos espacios de encuentro a las \u00f1ublensinas y \u00f1ublensinas, como son las capacitaciones y las ferias para que se relacionen de manera directa con el Gobierno, para que juntos creemos lazos y resolvamos sus inquietudes. Porque el Presidente Boric nos ha pedido estar contantemente en terreno, sobre todo en comunas\u201d.<\/p>\n<p style=\"text-align: justify;\">Dichas actividades se seguir\u00e1n replicando durante todo este a\u00f1o 2023 a lo largo de las diferentes comunas de nuestra regi\u00f3n.<\/p>\n","protected":false},"excerpt":{"rendered":"<p>Yungay, abril 2023: Hasta la comuna de Yungay, lleg\u00f3 el equipo de la Secretar\u00eda General de Gobierno, a cargo de la vocera de Gobierno, Valentina Pradenas, para continuar capacitando a la comunidad sobre sus&#46;&#46;&#46;<\/p>\n","protected":false},"author":2,"featured_media":28186,"comment_status":"closed","ping_status":"open","sticky":false,"template":"","format":"standard","meta":{"footnotes":""},"categories":[1],"tags":[1115,2787,8,6,117],"class_list":["post-28185","post","type-post","status-publish","format-standard","has-post-thumbnail","hentry","category-noticias","tag-noticias","tag-segegob","tag-yungay","tag-yungayino","tag-yungayinocl"],"_links":{"self":[{"href":"https:\/\/www.yungayino.cl\/noticias\/index.php?rest_route=\/wp\/v2\/posts\/28185","targetHints":{"allow":["GET"]}}],"collection":[{"href":"https:\/\/www.yungayino.cl\/noticias\/index.php?rest_route=\/wp\/v2\/posts"}],"about":[{"href":"https:\/\/www.yungayino.cl\/noticias\/index.php?rest_route=\/wp\/v2\/types\/post"}],"author":[{"embeddable":true,"href":"https:\/\/www.yungayino.cl\/noticias\/index.php?rest_route=\/wp\/v2\/users\/2"}],"replies":[{"embeddable":true,"href":"https:\/\/www.yungayino.cl\/noticias\/index.php?rest_route=%2Fwp%2Fv2%2Fcomments&post=28185"}],"version-history":[{"count":1,"href":"https:\/\/www.yungayino.cl\/noticias\/index.php?rest_route=\/wp\/v2\/posts\/28185\/revisions"}],"predecessor-version":[{"id":28187,"href":"https:\/\/www.yungayino.cl\/noticias\/index.php?rest_route=\/wp\/v2\/posts\/28185\/revisions\/28187"}],"wp:featuredmedia":[{"embeddable":true,"href":"https:\/\/www.yungayino.cl\/noticias\/index.php?rest_route=\/wp\/v2\/media\/28186"}],"wp:attachment":[{"href":"https:\/\/www.yungayino.cl\/noticias\/index.php?rest_route=%2Fwp%2Fv2%2Fmedia&parent=28185"}],"wp:term":[{"taxonomy":"category","embeddable":true,"href":"https:\/\/www.yungayino.cl\/noticias\/index.php?rest_route=%2Fwp%2Fv2%2Fcategories&post=28185"},{"taxonomy":"post_tag","embeddable":true,"href":"https:\/\/www.yungayino.cl\/noticias\/index.php?rest_route=%2Fwp%2Fv2%2Ftags&post=28185"}],"curies":[{"name":"wp","href":"https:\/\/api.w.org\/{rel}","templated":true}]}}