{"id":28195,"date":"2023-04-09T07:00:51","date_gmt":"2023-04-09T11:00:51","guid":{"rendered":"http:\/\/www.yungayino.cl\/noticias\/?p=28195"},"modified":"2023-04-10T16:08:25","modified_gmt":"2023-04-10T20:08:25","slug":"senadis-nuble-lanza-fondo-para-la-inclusion-de-estudiantes-con-discapacidad-en-su-etapa-escolar","status":"publish","type":"post","link":"https:\/\/www.yungayino.cl\/noticias\/?p=28195","title":{"rendered":"Senadis \u00d1uble Lanza Fondo Para la Inclusi\u00f3n de Estudiantes con Discapacidad en su Etapa Escolar"},"content":{"rendered":"<p><img loading=\"lazy\" decoding=\"async\" class=\"alignnone wp-image-28196 size-full\" src=\"http:\/\/www.yungayino.cl\/noticias\/wp-content\/uploads\/2023\/04\/senadis.jpg\" alt=\"\" width=\"700\" height=\"350\" srcset=\"https:\/\/www.yungayino.cl\/noticias\/wp-content\/uploads\/2023\/04\/senadis.jpg 700w, https:\/\/www.yungayino.cl\/noticias\/wp-content\/uploads\/2023\/04\/senadis-300x150.jpg 300w\" sizes=\"auto, (max-width: 700px) 100vw, 700px\" \/><\/p>\n<p style=\"text-align: justify;\">\u00d1uble, abril 2023: <strong>Hasta<\/strong><strong> el mi\u00e9rcoles 12 de abril, a las 17:00 horas, <\/strong>pueden postular liceos, colegios, escuelas b\u00e1sicas y escuelas especiales al financiamiento de proyectos para adquirir apoyos tecnol\u00f3gicos, capacitaciones, profesionales de apoyo, entre otros. Las postulaciones se realizan en <a href=\"http:\/\/www.senadis.gob.cl\">www.senadis.gob.cl<\/a><\/p>\n<p style=\"text-align: justify;\">Junto a la comunidad del Centro de Recursos Educacionales Especiales Persevera, en Chill\u00e1n, la Direcci\u00f3n Regional del Servicio Nacional de la Discapacidad, SENADIS, realiz\u00f3 el lanzamiento regional del Concurso Apoyo a Instituciones Educativas para la Inclusi\u00f3n de Estudiantes con Discapacidad, cuyo objetivo es disminuir las barreras contextuales que deben enfrentar los estudiantes con discapacidad durante toda su etapa escolar.<\/p>\n<p style=\"text-align: justify;\">Este a\u00f1o el concurso dispone de $477 millones para financiar proyectos de establecimientos de los niveles iniciales, b\u00e1sico, media y escuelas especiales de todo el pa\u00eds, donde estudien ni\u00f1as, ni\u00f1os y j\u00f3venes con discapacidad. Las instituciones educativas podr\u00e1n postular a proyectos que van desde los $3 a $10 millones.<\/p>\n<p style=\"text-align: justify;\"><strong>Hasta<\/strong><strong> el mi\u00e9rcoles 12 de abril, a las 17:00 horas<\/strong>, estar\u00e1 abierta la postulaci\u00f3n a la cual podr\u00e1n acceder jardines infantiles que cuenten con reconocimiento de JUNJI; escuelas B\u00e1sicas, Liceos o Colegios, Escuelas Especiales y Escuelas o Aulas Hospitalarias, entre otras, que atiendan a ni\u00f1as, ni\u00f1os y j\u00f3venes con discapacidad.<\/p>\n<p style=\"text-align: justify;\">La seremi de Desarrollo Social y Familia, Marta Carvajal Aguirre, y la directora regional de Senadis, Natalia Barriga Abarz\u00faa, destacaron la importancia del\u00a0 \u201cfondo para la inclusi\u00f3n de estudiantes con discapacidad en su etapa escolar\u201d e invitaron a las instituciones educativas a postular a trav\u00e9s de <a href=\"http:\/\/www.senadis.gob.cl\">www.senadis.gob.cl<\/a> \u00a0\u201cEsperamos que las propuestas que presenten las instituciones que postulen se desarrolle con perspectiva de g\u00e9nero y establezcan una estrategia de trabajo local junto a las instituciones p\u00fablicas y\/o privadas que conforman su red de trabajo, donde el foco central es la Educaci\u00f3n Inclusiva y un enfoque de derechos, en que los estudiantes y las estudiantes, y sus familias sean protagonistas\u201d, concluyeron.<\/p>\n<p style=\"text-align: justify;\">Se financiar\u00e1n proyectos enfocados en adquirir apoyos tecnol\u00f3gicos, capacitaciones a docentes, financiamiento de profesionales de apoyo al quehacer docente necesario para las adecuaciones metodol\u00f3gicas y tecnol\u00f3gicas para una educaci\u00f3n m\u00e1s inclusiva. Algunos de los apoyos tecnol\u00f3gicos a los que se puede postular son notebook, tablet, teclado, software lector de pantalla, software de seguimiento cef\u00e1lico, software reconocedor de voz, pizarras interactivas, servicios de apoyo, servicio de int\u00e9rprete de lengua de se\u00f1as, servicios de transcripci\u00f3n, entre otros.<\/p>\n<p style=\"text-align: justify;\">Durante el a\u00f1o 2022, en la regi\u00f3n de \u00d1uble se financiaron tres iniciativas de este tipo ejecutadas por los siguientes establecimientos: Centro de Recursos Educacionales Persevera, en comuna de Chill\u00e1n; Colegio Particular de Pemuco \u00a0y \u00a0Escuela Las Am\u00e9ricas de Quirihue, totalizando recursos \u00a0por m\u00e1s de $28 millones.<\/p>\n<p style=\"text-align: justify;\">El proceso de postulaci\u00f3n finaliza el mi\u00e9rcoles 12 de abril hasta las 17:00 horas, a trav\u00e9s del sitio web: <a href=\"http:\/\/www.senadis.gob.cl\">www.senadis.gob.cl<\/a><\/p>\n","protected":false},"excerpt":{"rendered":"<p>\u00d1uble, abril 2023: Hasta el mi\u00e9rcoles 12 de abril, a las 17:00 horas, pueden postular liceos, colegios, escuelas b\u00e1sicas y escuelas especiales al financiamiento de proyectos para adquirir apoyos tecnol\u00f3gicos, capacitaciones, profesionales de apoyo,&#46;&#46;&#46;<\/p>\n","protected":false},"author":2,"featured_media":28196,"comment_status":"closed","ping_status":"open","sticky":false,"template":"","format":"standard","meta":{"footnotes":""},"categories":[1493,2571,1],"tags":[366,1115,1678,2531,8,6,117],"class_list":["post-28195","post","type-post","status-publish","format-standard","has-post-thumbnail","hentry","category-educacion","category-educacion-2","category-noticias","tag-educacion","tag-noticias","tag-nuble","tag-senadis","tag-yungay","tag-yungayino","tag-yungayinocl"],"_links":{"self":[{"href":"https:\/\/www.yungayino.cl\/noticias\/index.php?rest_route=\/wp\/v2\/posts\/28195","targetHints":{"allow":["GET"]}}],"collection":[{"href":"https:\/\/www.yungayino.cl\/noticias\/index.php?rest_route=\/wp\/v2\/posts"}],"about":[{"href":"https:\/\/www.yungayino.cl\/noticias\/index.php?rest_route=\/wp\/v2\/types\/post"}],"author":[{"embeddable":true,"href":"https:\/\/www.yungayino.cl\/noticias\/index.php?rest_route=\/wp\/v2\/users\/2"}],"replies":[{"embeddable":true,"href":"https:\/\/www.yungayino.cl\/noticias\/index.php?rest_route=%2Fwp%2Fv2%2Fcomments&post=28195"}],"version-history":[{"count":1,"href":"https:\/\/www.yungayino.cl\/noticias\/index.php?rest_route=\/wp\/v2\/posts\/28195\/revisions"}],"predecessor-version":[{"id":28197,"href":"https:\/\/www.yungayino.cl\/noticias\/index.php?rest_route=\/wp\/v2\/posts\/28195\/revisions\/28197"}],"wp:featuredmedia":[{"embeddable":true,"href":"https:\/\/www.yungayino.cl\/noticias\/index.php?rest_route=\/wp\/v2\/media\/28196"}],"wp:attachment":[{"href":"https:\/\/www.yungayino.cl\/noticias\/index.php?rest_route=%2Fwp%2Fv2%2Fmedia&parent=28195"}],"wp:term":[{"taxonomy":"category","embeddable":true,"href":"https:\/\/www.yungayino.cl\/noticias\/index.php?rest_route=%2Fwp%2Fv2%2Fcategories&post=28195"},{"taxonomy":"post_tag","embeddable":true,"href":"https:\/\/www.yungayino.cl\/noticias\/index.php?rest_route=%2Fwp%2Fv2%2Ftags&post=28195"}],"curies":[{"name":"wp","href":"https:\/\/api.w.org\/{rel}","templated":true}]}}