{"id":28214,"date":"2023-04-08T20:00:03","date_gmt":"2023-04-09T00:00:03","guid":{"rendered":"http:\/\/www.yungayino.cl\/noticias\/?p=28214"},"modified":"2023-04-10T16:37:43","modified_gmt":"2023-04-10T20:37:43","slug":"alcalde-se-reunio-con-seremi-de-energia-de-la-region-de-nuble","status":"publish","type":"post","link":"https:\/\/www.yungayino.cl\/noticias\/?p=28214","title":{"rendered":"Alcalde se Reuni\u00f3 con Seremi de Energ\u00eda de la Regi\u00f3n de \u00d1uble"},"content":{"rendered":"<p><img loading=\"lazy\" decoding=\"async\" class=\"alignnone wp-image-28206 size-full\" src=\"http:\/\/www.yungayino.cl\/noticias\/wp-content\/uploads\/2023\/04\/10042023seremi-energia.jpg\" alt=\"\" width=\"700\" height=\"350\" srcset=\"https:\/\/www.yungayino.cl\/noticias\/wp-content\/uploads\/2023\/04\/10042023seremi-energia.jpg 700w, https:\/\/www.yungayino.cl\/noticias\/wp-content\/uploads\/2023\/04\/10042023seremi-energia-300x150.jpg 300w\" sizes=\"auto, (max-width: 700px) 100vw, 700px\" \/><\/p>\n<p style=\"text-align: justify;\">Yungay, abril 2023: Alcalde, Rafael Cifuentes Rodr\u00edguez, sostuvo una distendida reuni\u00f3n junto al seremi de Energ\u00eda de la regi\u00f3n de \u00d1uble, Ricardo Le\u00f3n Cifuentes y funcionarios del Ministerio de Energ\u00eda.<\/p>\n<p style=\"text-align: justify;\">Durante la reuni\u00f3n, el equipo t\u00e9cnico del ministerio present\u00f3 a la autoridad local y a los profesionales del \u00e1rea de obras, secplan y medio ambiente, los alcances del estudio de Franjas \u201cEntre R\u00edos \u2013 Pichirropulli\u201d.<\/p>\n<p style=\"text-align: justify;\">El estudio, que involucra a m\u00e1s de 50 comunas, busca evaluar las mejores v\u00edas territoriales para instalar l\u00edneas de transmisi\u00f3n el\u00e9ctrica.<\/p>\n<p style=\"text-align: justify;\">El estudio tambi\u00e9n involucra la participaci\u00f3n ciudadana de los yungayinos y yungayinas, donde podr\u00e1n consultar sobre las inquietudes de la iniciativa y realizar observaciones sobre el respeto por los ecosistemas, el valor hist\u00f3rico y cultural del territorio, el cuidado del agua, del suelo, los asentamientos rurales, la vida campesina, zonas agr\u00edcolas y de producci\u00f3n alimentaria.<\/p>\n","protected":false},"excerpt":{"rendered":"<p>Yungay, abril 2023: Alcalde, Rafael Cifuentes Rodr\u00edguez, sostuvo una distendida reuni\u00f3n junto al seremi de Energ\u00eda de la regi\u00f3n de \u00d1uble, Ricardo Le\u00f3n Cifuentes y funcionarios del Ministerio de Energ\u00eda. Durante la reuni\u00f3n, el&#46;&#46;&#46;<\/p>\n","protected":false},"author":2,"featured_media":28206,"comment_status":"closed","ping_status":"open","sticky":false,"template":"","format":"standard","meta":{"footnotes":""},"categories":[1],"tags":[1115,1678,1322,8,6,117],"class_list":["post-28214","post","type-post","status-publish","format-standard","has-post-thumbnail","hentry","category-noticias","tag-noticias","tag-nuble","tag-seremi-energia","tag-yungay","tag-yungayino","tag-yungayinocl"],"_links":{"self":[{"href":"https:\/\/www.yungayino.cl\/noticias\/index.php?rest_route=\/wp\/v2\/posts\/28214","targetHints":{"allow":["GET"]}}],"collection":[{"href":"https:\/\/www.yungayino.cl\/noticias\/index.php?rest_route=\/wp\/v2\/posts"}],"about":[{"href":"https:\/\/www.yungayino.cl\/noticias\/index.php?rest_route=\/wp\/v2\/types\/post"}],"author":[{"embeddable":true,"href":"https:\/\/www.yungayino.cl\/noticias\/index.php?rest_route=\/wp\/v2\/users\/2"}],"replies":[{"embeddable":true,"href":"https:\/\/www.yungayino.cl\/noticias\/index.php?rest_route=%2Fwp%2Fv2%2Fcomments&post=28214"}],"version-history":[{"count":1,"href":"https:\/\/www.yungayino.cl\/noticias\/index.php?rest_route=\/wp\/v2\/posts\/28214\/revisions"}],"predecessor-version":[{"id":28215,"href":"https:\/\/www.yungayino.cl\/noticias\/index.php?rest_route=\/wp\/v2\/posts\/28214\/revisions\/28215"}],"wp:featuredmedia":[{"embeddable":true,"href":"https:\/\/www.yungayino.cl\/noticias\/index.php?rest_route=\/wp\/v2\/media\/28206"}],"wp:attachment":[{"href":"https:\/\/www.yungayino.cl\/noticias\/index.php?rest_route=%2Fwp%2Fv2%2Fmedia&parent=28214"}],"wp:term":[{"taxonomy":"category","embeddable":true,"href":"https:\/\/www.yungayino.cl\/noticias\/index.php?rest_route=%2Fwp%2Fv2%2Fcategories&post=28214"},{"taxonomy":"post_tag","embeddable":true,"href":"https:\/\/www.yungayino.cl\/noticias\/index.php?rest_route=%2Fwp%2Fv2%2Ftags&post=28214"}],"curies":[{"name":"wp","href":"https:\/\/api.w.org\/{rel}","templated":true}]}}