{"id":28216,"date":"2023-04-18T07:00:57","date_gmt":"2023-04-18T11:00:57","guid":{"rendered":"http:\/\/www.yungayino.cl\/noticias\/?p=28216"},"modified":"2023-04-15T19:03:10","modified_gmt":"2023-04-15T23:03:10","slug":"gobierno-regional-renueva-su-compromiso-con-el-deporte-de-nuble","status":"publish","type":"post","link":"https:\/\/www.yungayino.cl\/noticias\/?p=28216","title":{"rendered":"Gobierno Regional Renueva su Compromiso con el Deporte de \u00d1uble"},"content":{"rendered":"<p><img loading=\"lazy\" decoding=\"async\" class=\"alignnone wp-image-28217 size-full\" src=\"http:\/\/www.yungayino.cl\/noticias\/wp-content\/uploads\/2023\/04\/deporte-nuble.jpg\" alt=\"\" width=\"700\" height=\"350\" srcset=\"https:\/\/www.yungayino.cl\/noticias\/wp-content\/uploads\/2023\/04\/deporte-nuble.jpg 700w, https:\/\/www.yungayino.cl\/noticias\/wp-content\/uploads\/2023\/04\/deporte-nuble-300x150.jpg 300w\" sizes=\"auto, (max-width: 700px) 100vw, 700px\" \/><\/p>\n<p style=\"text-align: justify;\">\u00d1uble, abril 2023: Firma de convenio permite una inversi\u00f3n de $100 millones para continuidad del programa \u201cGore Promesas \u00d1uble\u201d, que beneficiar\u00e1 a 440 deportistas de la regi\u00f3n y que este a\u00f1o incluye las disciplinas de Surf, Pat\u00edn Carrera y Ciclismo MTB.<\/p>\n<p style=\"text-align: justify;\">En el marco del D\u00eda Mundial de la Actividad F\u00edsica, el Gobernador Regional, \u00d3scar Cris\u00f3stomo, renov\u00f3 el compromiso con el deporte en \u00d1uble, al firmar junto al Seremi del Deporte, Julio Jorquera, el convenio que permite dar continuidad al Programa \u201cGore Promesas \u00d1uble\u201d. La inversi\u00f3n alcanza los $100 millones y beneficia a un total de 440 deportistas de la regi\u00f3n en 22 centros de entrenamiento y que este a\u00f1o suma tres nuevas disciplinas: Pat\u00edn Carrera, Surf y Ciclismo MTB.<\/p>\n<p style=\"text-align: justify;\">Junto con destacar los buenos resultados que ha tenido el convenio, el Gobernador Cris\u00f3stomo sostuvo que \u201cPromesas \u00d1uble ha permitido incorporar a cientos de deportistas de distintas\u00a0\u00a0 comunas, con un apoyo financiero por parte del Gobierno Regional, para poder ir aumentando sus capacidades, reforzando sus talentos, la capacidad competitiva y tambi\u00e9n que puedan salir de la regi\u00f3n como a otros pa\u00edses a competencias que, actualmente, son necesarias para el desarrollo de su profesi\u00f3n\u201d.<\/p>\n<p style=\"text-align: justify;\">Sumado a lo anterior, la m\u00e1xima autoridad agreg\u00f3 que \u201cel deporte, hoy m\u00e1s que nunca, tiene que ser reforzado debido a las distintas circunstancias que est\u00e1 viviendo nuestro pa\u00eds. Nos permite tener a nuestros ni\u00f1os, ni\u00f1as y adolescentes en espacios seguros, con profesionales que se preocupan de cada uno de ellos, que las organizaciones tengan redes de apoyo, de comunicaci\u00f3n, (\u2026) Este convenio que parti\u00f3 con 120 millones de pesos, hace un a\u00f1o y medio atr\u00e1s cuando llegamos, hoy vamos a llegar a cerca de 300 en un marco de acuerdo general por 24 meses que ya estamos ad portas de cerrar con el Ministerio del Deporte\u201d.<\/p>\n<p style=\"text-align: justify;\">Como clave calific\u00f3 esta alianza con el Gobierno Regional de \u00d1uble, el Seremi del Deporte, porque este \u201cfinanciamiento va en directo beneficio de nuestros deportistas que van camino al alto rendimiento. Cada a\u00f1o vamos incorporando m\u00e1s disciplinas y son los deportistas las personas que se van beneficiando, l\u00f3gicamente tambi\u00e9n son sus familias que van viendo que ac\u00e1 en la Regi\u00f3n de \u00d1uble el deporte es una prioridad, tanto para el Gobierno del Presidente Boric, tambi\u00e9n para el Gobierno Regional y para nosotros como ministerio, as\u00ed que es la l\u00ednea a seguir, seguir fortaleciendo, contribuyendo y creemos que vamos a tener muy buenos resultados en estos Panamericanos y tambi\u00e9n en las futuras competencias que tengamos como Regi\u00f3n de \u00d1uble\u201d.<\/p>\n<p style=\"text-align: justify;\">Nuevas disciplinas<\/p>\n<p style=\"text-align: justify;\">Para el presidente del Club Pat\u00edn New\u00e9n de Chill\u00e1n, Andr\u00e9s Guti\u00e9rrez, \u201ceste es un proyecto que a nosotros nos satisface mucho, ya que es algo que ven\u00edamos solicitando del a\u00f1o pasado; por primera\u00a0 vez se incluye la disciplina del Pat\u00edn Carrera, este es un hito muy importante ya que el a\u00f1o 2022 tuvimos\u00a0 grandes logros, nuestro club sali\u00f3 campe\u00f3n de la Liga Sur, obtuvo el primer lugar\u00a0 y tambi\u00e9n\u00a0 el primer lugar a nivel regional y, en competencias federadas, obtuvimos el lugar n\u00famero 12,\u00a0 entonces este hito es muy importante, porque a la vez que competimos en intermedia hay varios\u00a0 deportistas que est\u00e1n peleando un cupo para ser seleccionado nacional, as\u00ed que este proyecto nos cae como anillo al dedo y lo tomamos de muy buena forma\u201d.<\/p>\n<p style=\"text-align: justify;\">El surf, que tambi\u00e9n se sum\u00f3 como disciplina beneficiada por el convenio, estuvo representado por el presidente del Club de Surf Rinconada de Tauc\u00fa, Carlos Placencia, quien asegur\u00f3 que \u201cesto nos ayuda a mejorar nuestro desarrollo deportivo, a nuestros atletas y tambi\u00e9n a considerarnos dentro de\u00a0 los deportes estrat\u00e9gicos de nuestra regi\u00f3n, as\u00ed que muchas gracias al Gobernador, a todo su\u00a0 equipo y tambi\u00e9n a todos los que nos han acompa\u00f1ado en este largo tiempo: 28 a\u00f1os llevamos de\u00a0 trayectoria como deporte,\u00a0 ya tenemos un\u00a0 recorrido y\u00a0 esto nos ayuda a motivarnos y mejorar cada d\u00eda m\u00e1s\u201d.<\/p>\n","protected":false},"excerpt":{"rendered":"<p>\u00d1uble, abril 2023: Firma de convenio permite una inversi\u00f3n de $100 millones para continuidad del programa \u201cGore Promesas \u00d1uble\u201d, que beneficiar\u00e1 a 440 deportistas de la regi\u00f3n y que este a\u00f1o incluye las disciplinas&#46;&#46;&#46;<\/p>\n","protected":false},"author":2,"featured_media":28217,"comment_status":"closed","ping_status":"open","sticky":false,"template":"","format":"standard","meta":{"footnotes":""},"categories":[17,1],"tags":[1120,1115,1678,8,6,117],"class_list":["post-28216","post","type-post","status-publish","format-standard","has-post-thumbnail","hentry","category-deporte","category-noticias","tag-deporte","tag-noticias","tag-nuble","tag-yungay","tag-yungayino","tag-yungayinocl"],"_links":{"self":[{"href":"https:\/\/www.yungayino.cl\/noticias\/index.php?rest_route=\/wp\/v2\/posts\/28216","targetHints":{"allow":["GET"]}}],"collection":[{"href":"https:\/\/www.yungayino.cl\/noticias\/index.php?rest_route=\/wp\/v2\/posts"}],"about":[{"href":"https:\/\/www.yungayino.cl\/noticias\/index.php?rest_route=\/wp\/v2\/types\/post"}],"author":[{"embeddable":true,"href":"https:\/\/www.yungayino.cl\/noticias\/index.php?rest_route=\/wp\/v2\/users\/2"}],"replies":[{"embeddable":true,"href":"https:\/\/www.yungayino.cl\/noticias\/index.php?rest_route=%2Fwp%2Fv2%2Fcomments&post=28216"}],"version-history":[{"count":2,"href":"https:\/\/www.yungayino.cl\/noticias\/index.php?rest_route=\/wp\/v2\/posts\/28216\/revisions"}],"predecessor-version":[{"id":28219,"href":"https:\/\/www.yungayino.cl\/noticias\/index.php?rest_route=\/wp\/v2\/posts\/28216\/revisions\/28219"}],"wp:featuredmedia":[{"embeddable":true,"href":"https:\/\/www.yungayino.cl\/noticias\/index.php?rest_route=\/wp\/v2\/media\/28217"}],"wp:attachment":[{"href":"https:\/\/www.yungayino.cl\/noticias\/index.php?rest_route=%2Fwp%2Fv2%2Fmedia&parent=28216"}],"wp:term":[{"taxonomy":"category","embeddable":true,"href":"https:\/\/www.yungayino.cl\/noticias\/index.php?rest_route=%2Fwp%2Fv2%2Fcategories&post=28216"},{"taxonomy":"post_tag","embeddable":true,"href":"https:\/\/www.yungayino.cl\/noticias\/index.php?rest_route=%2Fwp%2Fv2%2Ftags&post=28216"}],"curies":[{"name":"wp","href":"https:\/\/api.w.org\/{rel}","templated":true}]}}