{"id":28220,"date":"2023-04-10T16:00:30","date_gmt":"2023-04-10T20:00:30","guid":{"rendered":"http:\/\/www.yungayino.cl\/noticias\/?p=28220"},"modified":"2023-04-10T16:40:43","modified_gmt":"2023-04-10T20:40:43","slug":"gobierno-regional-de-nuble-se-suma-al-compromiso-transversal-por-la-seguridad","status":"publish","type":"post","link":"https:\/\/www.yungayino.cl\/noticias\/?p=28220","title":{"rendered":"Gobierno Regional de \u00d1uble se Suma al Compromiso Transversal por la Seguridad"},"content":{"rendered":"<p><img loading=\"lazy\" decoding=\"async\" class=\"alignnone wp-image-28221 size-full\" src=\"http:\/\/www.yungayino.cl\/noticias\/wp-content\/uploads\/2023\/04\/compromiso-transversal-seguridad.jpg\" alt=\"\" width=\"700\" height=\"350\" srcset=\"https:\/\/www.yungayino.cl\/noticias\/wp-content\/uploads\/2023\/04\/compromiso-transversal-seguridad.jpg 700w, https:\/\/www.yungayino.cl\/noticias\/wp-content\/uploads\/2023\/04\/compromiso-transversal-seguridad-300x150.jpg 300w\" sizes=\"auto, (max-width: 700px) 100vw, 700px\" \/><\/p>\n<p style=\"text-align: justify;\">\u00d1uble, abril 2023: El Gobernador Cris\u00f3stomo, particip\u00f3 en La Moneda de la ceremonia de firma del acuerdo que dota a los gobiernos regionales de competencias en materia de prevenci\u00f3n del delito, adem\u00e1s de la protecci\u00f3n y apoyo a v\u00edctimas.<\/p>\n<p style=\"text-align: justify;\">Destac\u00f3 la importancia del compromiso, que permite \u201cestar a la altura de las circunstancias y trabajar en forma coordinada en beneficio de la ciudadan\u00eda\u201d.<\/p>\n<p style=\"text-align: justify;\">El clima de inseguridad que se vive en el pa\u00eds y los \u00faltimos hechos de violencia y de connotaci\u00f3n p\u00fablica, han sido detonantes para que los gobiernos regionales, adquirieran un rol m\u00e1s protag\u00f3nico, en una materia en la que, hasta ahora, no contaban con competencias para enfrentarla. No obstante, hoy se dio un paso importante al respecto, ya que el Gobernador Regional de \u00d1uble, \u00d3scar Cris\u00f3stomo, junto a los gobernadores y gobernadoras del pa\u00eds y las asociaciones de municipios, suscribieron un Compromiso Transversal por la Seguridad en el Palacio La Moneda, donde el Presidente de la Rep\u00fablica, Gabriel Boric y la Ministra del Interior, Carolina Toh\u00e1, detallaron un conjunto de iniciativas legales y de pol\u00edtica p\u00fablica, que permitir\u00e1n mejorar capacidades del pa\u00eds y de las regiones en la prevenci\u00f3n del delito.<\/p>\n<p style=\"text-align: justify;\">El acuerdo permitir\u00e1 otorgar a los gobiernos regionales, competencias en la materia, as\u00ed como de protecci\u00f3n y apoyo a v\u00edctimas, fortaleciendo la respuesta del Estado en su conjunto y reconociendo el aporte que ya realizan al respecto. Considera, adem\u00e1s, la facultad de dise\u00f1ar, aprobar, ejecutar y evaluar pol\u00edticas, planes, programas y proyectos, tanto en prevenci\u00f3n del delito como de atenci\u00f3n y asistencia a v\u00edctimas. Tambi\u00e9n el compromiso establece la posibilidad de estar representados en el Consejo Nacional de Seguridad P\u00fablica e integrar los Consejos de Seguridad a nivel regional y comunal.<\/p>\n<p style=\"text-align: justify;\">Una vez finalizada la firma del acuerdo, donde tambi\u00e9n estaban presentes los presidentes de las distintas asociaciones de municipios, alcaldes, el Fiscal Nacional y los altos mandos de las polic\u00edas, el Gobernador Cris\u00f3stomo, calific\u00f3 este hito \u201ccomo un paso tremendamente importante porque finalmente lo que estamos haciendo aqu\u00ed, es colocarnos de acuerdo y trabajar unitariamente, que es lo que nos pide la ciudadan\u00eda y tenemos que estar a la altura de las circunstancias, en base a los hechos que est\u00e1n ocurriendo en nuestro territorio, para poder dotar de tranquilidad, seguridad y tambi\u00e9n infraestructura e inversi\u00f3n p\u00fablica en cada una de nuestras comunas y nuestros barrios\u201d.<\/p>\n<p style=\"text-align: justify;\">A su vez la autoridad regional, record\u00f3 que \u201clo que hab\u00edamos pedido, era mayores facultades en \u00e1rea de prevenci\u00f3n del delito, hoy lo estamos obteniendo. Eso nos va a permitir poder coordinar de mejor forma nuestras regiones, tener planes intercomunales, avanzar en materia de prevenci\u00f3n, de coordinaci\u00f3n y con eso tambi\u00e9n vamos a dotar de mayor tranquilidad y seguridad a nuestra regi\u00f3n\u201d.<\/p>\n<p style=\"text-align: justify;\">Respaldo a los Gobiernos Regionales<\/p>\n<p style=\"text-align: justify;\">En ese sentido, la Ministra del Interior, Carolina Toh\u00e1, detall\u00f3 que \u201ccon este acuerdo van a poder\u00a0 tener proyectos impulsados desde los propios gobiernos regionales; van a poder dise\u00f1ar, aprobar,\u00a0 ejecutar y aprobar pol\u00edticas, planes, programas en materia de seguridad y tambi\u00e9n de apoyo\u00a0 a v\u00edctimas, todo esto va a tener que hacerse en coordinaci\u00f3n con los\u00a0 lineamientos que se desprenden de la Subsecretar\u00eda de Prevenci\u00f3n del Delito y dentro de los marcos de la Pol\u00edtica de Seguridad P\u00fablica, porque queremos colaborar todos en un objetivo com\u00fan y no que la suma de nuevos aportes, signifique que dispersamos nuestros lineamientos y las definiciones que tenemos como pa\u00eds\u201d.<\/p>\n<p style=\"text-align: justify;\">La jefa de gabinete destac\u00f3 que con este acuerdo \u201cestamos avanzando en sumar apoyos y la colaboraci\u00f3n, en darle respaldo para que los gobiernos regionales aporten a la seguridad, lo hacemos en di\u00e1logo, lo hacemos entre oficialismo y la oposici\u00f3n, lo hacemos con las distintas asociaciones de municipios, incluyendo tambi\u00e9n la asociaci\u00f3n de municipios rurales (\u2026) Lo hacemos cruzando fronteras pol\u00edticas y d\u00e1ndonos el tiempo, trabajando intensamente para llegar a acuerdos sustantivos\u201d.<\/p>\n<p style=\"text-align: justify;\">El Compromiso Transversal por la Seguridad, permite la unificaci\u00f3n de planes y programas, tales como salas de c\u00e1maras, tecnolog\u00eda y estrategias conjuntas insertas dentro del marco de las pol\u00edticas nacionales. Tambi\u00e9n considera un proyecto de ley para otorgar a los gobiernos regionales la facultad para crear una divisi\u00f3n o departamento de Prevenci\u00f3n del Delito y de Atenci\u00f3n y Asistencia a V\u00edctimas. Finalmente, establece el desarrollo de seis convenios de colaboraci\u00f3n entre el Ministerio del Interior y gobiernos regionales para dise\u00f1ar proyectos de inversi\u00f3n regional en materia de prevenci\u00f3n del delito que se ajusten a orientaciones t\u00e9cnicas y tipolog\u00edas basadas en evidencia.<\/p>\n","protected":false},"excerpt":{"rendered":"<p>\u00d1uble, abril 2023: El Gobernador Cris\u00f3stomo, particip\u00f3 en La Moneda de la ceremonia de firma del acuerdo que dota a los gobiernos regionales de competencias en materia de prevenci\u00f3n del delito, adem\u00e1s de la&#46;&#46;&#46;<\/p>\n","protected":false},"author":2,"featured_media":28221,"comment_status":"closed","ping_status":"open","sticky":false,"template":"","format":"standard","meta":{"footnotes":""},"categories":[1],"tags":[1115,1678,686,8,6,117],"class_list":["post-28220","post","type-post","status-publish","format-standard","has-post-thumbnail","hentry","category-noticias","tag-noticias","tag-nuble","tag-seguridad","tag-yungay","tag-yungayino","tag-yungayinocl"],"_links":{"self":[{"href":"https:\/\/www.yungayino.cl\/noticias\/index.php?rest_route=\/wp\/v2\/posts\/28220","targetHints":{"allow":["GET"]}}],"collection":[{"href":"https:\/\/www.yungayino.cl\/noticias\/index.php?rest_route=\/wp\/v2\/posts"}],"about":[{"href":"https:\/\/www.yungayino.cl\/noticias\/index.php?rest_route=\/wp\/v2\/types\/post"}],"author":[{"embeddable":true,"href":"https:\/\/www.yungayino.cl\/noticias\/index.php?rest_route=\/wp\/v2\/users\/2"}],"replies":[{"embeddable":true,"href":"https:\/\/www.yungayino.cl\/noticias\/index.php?rest_route=%2Fwp%2Fv2%2Fcomments&post=28220"}],"version-history":[{"count":2,"href":"https:\/\/www.yungayino.cl\/noticias\/index.php?rest_route=\/wp\/v2\/posts\/28220\/revisions"}],"predecessor-version":[{"id":28223,"href":"https:\/\/www.yungayino.cl\/noticias\/index.php?rest_route=\/wp\/v2\/posts\/28220\/revisions\/28223"}],"wp:featuredmedia":[{"embeddable":true,"href":"https:\/\/www.yungayino.cl\/noticias\/index.php?rest_route=\/wp\/v2\/media\/28221"}],"wp:attachment":[{"href":"https:\/\/www.yungayino.cl\/noticias\/index.php?rest_route=%2Fwp%2Fv2%2Fmedia&parent=28220"}],"wp:term":[{"taxonomy":"category","embeddable":true,"href":"https:\/\/www.yungayino.cl\/noticias\/index.php?rest_route=%2Fwp%2Fv2%2Fcategories&post=28220"},{"taxonomy":"post_tag","embeddable":true,"href":"https:\/\/www.yungayino.cl\/noticias\/index.php?rest_route=%2Fwp%2Fv2%2Ftags&post=28220"}],"curies":[{"name":"wp","href":"https:\/\/api.w.org\/{rel}","templated":true}]}}