{"id":28231,"date":"2023-04-15T08:00:11","date_gmt":"2023-04-15T12:00:11","guid":{"rendered":"http:\/\/www.yungayino.cl\/noticias\/?p=28231"},"modified":"2023-04-13T16:57:51","modified_gmt":"2023-04-13T20:57:51","slug":"contraloria-aprueba-convenio-de-recursos-para-la-construccion-del-liceo-de-yungay","status":"publish","type":"post","link":"https:\/\/www.yungayino.cl\/noticias\/?p=28231","title":{"rendered":"Contralor\u00eda Aprueba Convenio De Recursos Para La Construcci\u00f3n Del Liceo De Yungay"},"content":{"rendered":"<p><img loading=\"lazy\" decoding=\"async\" class=\"alignnone wp-image-28232 size-full\" src=\"http:\/\/www.yungayino.cl\/noticias\/wp-content\/uploads\/2023\/04\/13042023liceoyungay.jpg\" alt=\"\" width=\"700\" height=\"350\" srcset=\"https:\/\/www.yungayino.cl\/noticias\/wp-content\/uploads\/2023\/04\/13042023liceoyungay.jpg 700w, https:\/\/www.yungayino.cl\/noticias\/wp-content\/uploads\/2023\/04\/13042023liceoyungay-300x150.jpg 300w\" sizes=\"auto, (max-width: 700px) 100vw, 700px\" \/><\/p>\n<p style=\"text-align: justify;\">Yungay, abril 2023: El Gobernador Regional, \u00d3scar Cris\u00f3stomo Llanos y el alcalde, Rafael Cifuentes Rodr\u00edguez, celebraron la resoluci\u00f3n de la Contralor\u00eda de la Rep\u00fablica que aprueba el proceder a la licitaci\u00f3n p\u00fablica de la reposici\u00f3n del Liceo de Yungay en su lugar hist\u00f3rico.<\/p>\n<p style=\"text-align: justify;\">Por constituir una alta inversi\u00f3n de recursos, es facultad de la Contralor\u00eda de la Rep\u00fablica que se apruebe el procedimiento hacia la Licitaci\u00f3n P\u00fablica de esta edificaci\u00f3n.<\/p>\n<p style=\"text-align: justify;\">\u00abEstamos felices con esta noticia ya que es un nuevo paso para iniciar el proceso de licitaci\u00f3n que nos permitir\u00e1 adjudicar la empresa que se har\u00e1 cargo de la construcci\u00f3n de nuestro nuevo Liceo de Yungay\u00bb destac\u00f3 el alcalde de Yungay, Rafael Cifuentes Rodr\u00edguez.<\/p>\n","protected":false},"excerpt":{"rendered":"<p>Yungay, abril 2023: El Gobernador Regional, \u00d3scar Cris\u00f3stomo Llanos y el alcalde, Rafael Cifuentes Rodr\u00edguez, celebraron la resoluci\u00f3n de la Contralor\u00eda de la Rep\u00fablica que aprueba el proceder a la licitaci\u00f3n p\u00fablica de la&#46;&#46;&#46;<\/p>\n","protected":false},"author":2,"featured_media":28232,"comment_status":"closed","ping_status":"open","sticky":false,"template":"","format":"standard","meta":{"footnotes":""},"categories":[1493,2571,1],"tags":[366,89,1115,8,6,117],"class_list":["post-28231","post","type-post","status-publish","format-standard","has-post-thumbnail","hentry","category-educacion","category-educacion-2","category-noticias","tag-educacion","tag-liceo-yungay","tag-noticias","tag-yungay","tag-yungayino","tag-yungayinocl"],"_links":{"self":[{"href":"https:\/\/www.yungayino.cl\/noticias\/index.php?rest_route=\/wp\/v2\/posts\/28231","targetHints":{"allow":["GET"]}}],"collection":[{"href":"https:\/\/www.yungayino.cl\/noticias\/index.php?rest_route=\/wp\/v2\/posts"}],"about":[{"href":"https:\/\/www.yungayino.cl\/noticias\/index.php?rest_route=\/wp\/v2\/types\/post"}],"author":[{"embeddable":true,"href":"https:\/\/www.yungayino.cl\/noticias\/index.php?rest_route=\/wp\/v2\/users\/2"}],"replies":[{"embeddable":true,"href":"https:\/\/www.yungayino.cl\/noticias\/index.php?rest_route=%2Fwp%2Fv2%2Fcomments&post=28231"}],"version-history":[{"count":1,"href":"https:\/\/www.yungayino.cl\/noticias\/index.php?rest_route=\/wp\/v2\/posts\/28231\/revisions"}],"predecessor-version":[{"id":28233,"href":"https:\/\/www.yungayino.cl\/noticias\/index.php?rest_route=\/wp\/v2\/posts\/28231\/revisions\/28233"}],"wp:featuredmedia":[{"embeddable":true,"href":"https:\/\/www.yungayino.cl\/noticias\/index.php?rest_route=\/wp\/v2\/media\/28232"}],"wp:attachment":[{"href":"https:\/\/www.yungayino.cl\/noticias\/index.php?rest_route=%2Fwp%2Fv2%2Fmedia&parent=28231"}],"wp:term":[{"taxonomy":"category","embeddable":true,"href":"https:\/\/www.yungayino.cl\/noticias\/index.php?rest_route=%2Fwp%2Fv2%2Fcategories&post=28231"},{"taxonomy":"post_tag","embeddable":true,"href":"https:\/\/www.yungayino.cl\/noticias\/index.php?rest_route=%2Fwp%2Fv2%2Ftags&post=28231"}],"curies":[{"name":"wp","href":"https:\/\/api.w.org\/{rel}","templated":true}]}}