{"id":28234,"date":"2023-04-16T07:00:33","date_gmt":"2023-04-16T11:00:33","guid":{"rendered":"http:\/\/www.yungayino.cl\/noticias\/?p=28234"},"modified":"2023-04-13T16:57:34","modified_gmt":"2023-04-13T20:57:34","slug":"profesionales-de-desafio-levantemos-chile-recorren-nuestra-comuna","status":"publish","type":"post","link":"https:\/\/www.yungayino.cl\/noticias\/?p=28234","title":{"rendered":"Profesionales de Desaf\u00edo Levantemos Chile Recorren Nuestra Comuna"},"content":{"rendered":"<p><img loading=\"lazy\" decoding=\"async\" class=\"alignnone wp-image-28238 size-full\" src=\"http:\/\/www.yungayino.cl\/noticias\/wp-content\/uploads\/2023\/04\/13042023-alcalde-desfio-levantemos-chile-portada.jpg\" alt=\"\" width=\"700\" height=\"350\" srcset=\"https:\/\/www.yungayino.cl\/noticias\/wp-content\/uploads\/2023\/04\/13042023-alcalde-desfio-levantemos-chile-portada.jpg 700w, https:\/\/www.yungayino.cl\/noticias\/wp-content\/uploads\/2023\/04\/13042023-alcalde-desfio-levantemos-chile-portada-300x150.jpg 300w\" sizes=\"auto, (max-width: 700px) 100vw, 700px\" \/><\/p>\n<p style=\"text-align: justify;\">Yungay, abril 2023: Profesional de DESAF\u00cdO LEVANTEMOS CHILE recorre nuestra comuna junto al alcalde, Rafael Cifuentes Rodr\u00edguez y su equipo t\u00e9cnico, con el objetivo de levantar informaci\u00f3n para el desarrollo de un proyecto que proveer\u00e1 de agua a las familias afectadas por los incendios forestales de la comuna.<\/p>\n<p style=\"text-align: justify;\">Agradecemos infinitamente a la fundaci\u00f3n que ya tiene muy encaminado el proyecto que entregar\u00e1 el bien tan preciado a los afectados por la tragedia de febrero.<\/p>\n<p>&nbsp;<\/p>\n<p><img loading=\"lazy\" decoding=\"async\" class=\"alignnone wp-image-28236 size-full\" src=\"http:\/\/www.yungayino.cl\/noticias\/wp-content\/uploads\/2023\/04\/13042023-alcalde-desfio-levantemos-chile-1.jpg\" alt=\"\" width=\"700\" height=\"394\" srcset=\"https:\/\/www.yungayino.cl\/noticias\/wp-content\/uploads\/2023\/04\/13042023-alcalde-desfio-levantemos-chile-1.jpg 700w, https:\/\/www.yungayino.cl\/noticias\/wp-content\/uploads\/2023\/04\/13042023-alcalde-desfio-levantemos-chile-1-300x169.jpg 300w, https:\/\/www.yungayino.cl\/noticias\/wp-content\/uploads\/2023\/04\/13042023-alcalde-desfio-levantemos-chile-1-266x150.jpg 266w\" sizes=\"auto, (max-width: 700px) 100vw, 700px\" \/><\/p>\n<p><img loading=\"lazy\" decoding=\"async\" class=\"alignnone wp-image-28237 size-full\" src=\"http:\/\/www.yungayino.cl\/noticias\/wp-content\/uploads\/2023\/04\/13042023-alcalde-desfio-levantemos-chile-2.jpg\" alt=\"\" width=\"700\" height=\"394\" srcset=\"https:\/\/www.yungayino.cl\/noticias\/wp-content\/uploads\/2023\/04\/13042023-alcalde-desfio-levantemos-chile-2.jpg 700w, https:\/\/www.yungayino.cl\/noticias\/wp-content\/uploads\/2023\/04\/13042023-alcalde-desfio-levantemos-chile-2-300x169.jpg 300w, https:\/\/www.yungayino.cl\/noticias\/wp-content\/uploads\/2023\/04\/13042023-alcalde-desfio-levantemos-chile-2-266x150.jpg 266w\" sizes=\"auto, (max-width: 700px) 100vw, 700px\" \/><\/p>\n","protected":false},"excerpt":{"rendered":"<p>Yungay, abril 2023: Profesional de DESAF\u00cdO LEVANTEMOS CHILE recorre nuestra comuna junto al alcalde, Rafael Cifuentes Rodr\u00edguez y su equipo t\u00e9cnico, con el objetivo de levantar informaci\u00f3n para el desarrollo de un proyecto que&#46;&#46;&#46;<\/p>\n","protected":false},"author":2,"featured_media":28238,"comment_status":"closed","ping_status":"open","sticky":false,"template":"","format":"standard","meta":{"footnotes":""},"categories":[1],"tags":[2801,1115,8,6,117],"class_list":["post-28234","post","type-post","status-publish","format-standard","has-post-thumbnail","hentry","category-noticias","tag-desafio-levantemos-chile","tag-noticias","tag-yungay","tag-yungayino","tag-yungayinocl"],"_links":{"self":[{"href":"https:\/\/www.yungayino.cl\/noticias\/index.php?rest_route=\/wp\/v2\/posts\/28234","targetHints":{"allow":["GET"]}}],"collection":[{"href":"https:\/\/www.yungayino.cl\/noticias\/index.php?rest_route=\/wp\/v2\/posts"}],"about":[{"href":"https:\/\/www.yungayino.cl\/noticias\/index.php?rest_route=\/wp\/v2\/types\/post"}],"author":[{"embeddable":true,"href":"https:\/\/www.yungayino.cl\/noticias\/index.php?rest_route=\/wp\/v2\/users\/2"}],"replies":[{"embeddable":true,"href":"https:\/\/www.yungayino.cl\/noticias\/index.php?rest_route=%2Fwp%2Fv2%2Fcomments&post=28234"}],"version-history":[{"count":1,"href":"https:\/\/www.yungayino.cl\/noticias\/index.php?rest_route=\/wp\/v2\/posts\/28234\/revisions"}],"predecessor-version":[{"id":28239,"href":"https:\/\/www.yungayino.cl\/noticias\/index.php?rest_route=\/wp\/v2\/posts\/28234\/revisions\/28239"}],"wp:featuredmedia":[{"embeddable":true,"href":"https:\/\/www.yungayino.cl\/noticias\/index.php?rest_route=\/wp\/v2\/media\/28238"}],"wp:attachment":[{"href":"https:\/\/www.yungayino.cl\/noticias\/index.php?rest_route=%2Fwp%2Fv2%2Fmedia&parent=28234"}],"wp:term":[{"taxonomy":"category","embeddable":true,"href":"https:\/\/www.yungayino.cl\/noticias\/index.php?rest_route=%2Fwp%2Fv2%2Fcategories&post=28234"},{"taxonomy":"post_tag","embeddable":true,"href":"https:\/\/www.yungayino.cl\/noticias\/index.php?rest_route=%2Fwp%2Fv2%2Ftags&post=28234"}],"curies":[{"name":"wp","href":"https:\/\/api.w.org\/{rel}","templated":true}]}}